{"id":998,"date":"2024-07-18T10:38:00","date_gmt":"2024-07-18T08:38:00","guid":{"rendered":"https:\/\/tvm1903.de\/tvm\/?p=998"},"modified":"2024-07-14T14:39:31","modified_gmt":"2024-07-14T12:39:31","slug":"guertelpruefung-beim-tv-michelbach-1903-e-v-2","status":"publish","type":"post","link":"https:\/\/tvm1903.de\/tvm\/2024\/07\/18\/guertelpruefung-beim-tv-michelbach-1903-e-v-2\/","title":{"rendered":"G\u00fcrtelpr\u00fcfung beim TV Michelbach 1903 e.V."},"content":{"rendered":"<div class=\"wp-block-image\">\n<figure class=\"alignleft size-large is-resized\"><img loading=\"lazy\" decoding=\"async\" width=\"831\" height=\"1024\" src=\"https:\/\/tvm1903.de\/wp-content\/uploads\/2024\/07\/Guertelpruefung_2024-831x1024.jpg\" alt=\"\" class=\"wp-image-999\" style=\"width:592px;height:auto\" srcset=\"https:\/\/tvm1903.de\/wp-content\/uploads\/2024\/07\/Guertelpruefung_2024-831x1024.jpg 831w, https:\/\/tvm1903.de\/wp-content\/uploads\/2024\/07\/Guertelpruefung_2024-243x300.jpg 243w, https:\/\/tvm1903.de\/wp-content\/uploads\/2024\/07\/Guertelpruefung_2024-768x946.jpg 768w, https:\/\/tvm1903.de\/wp-content\/uploads\/2024\/07\/Guertelpruefung_2024-1247x1536.jpg 1247w, https:\/\/tvm1903.de\/wp-content\/uploads\/2024\/07\/Guertelpruefung_2024-1662x2048.jpg 1662w\" sizes=\"auto, (max-width: 831px) 100vw, 831px\" \/><\/figure>\n<\/div>\n\n\n<p>Nach l\u00e4ngerer Pause konnte die Judoabteilung des TVM in diesem Jahr vor den Sommerferien noch eine G\u00fcrtelpr\u00fcfung durchf\u00fchren. In den letzten Wochen hatten sich 4 Judoka des Vereins, in ihrer Trainingseinheit, vorbereitet. Das Ergebnis konnte sich sehen lassen.<\/p>\n\n\n\n<p>Am Ende der Pr\u00fcfung, der ersten Gruppe, konnten Lucy Blake und Tanja Mohr die Urkunden f\u00fcr den gelben G\u00fcrtel (8.KYU) entgegennehmen. Beide konnten die geforderten Pr\u00fcfungselemente erkl\u00e4ren und demonstrieren.<\/p>\n\n\n\n<p>Es folgte die Pr\u00fcfung der fortgeschrittenen Judoka. Trotz der anspruchsvolleren Anforderungen konnten beide Teilnehmer die Urkunde des erstrebten Grades entgegennehmen. Dies waren zum orangen G\u00fcrtel (6.KYU): Emilia B\u00f6ll und zum orange-gr\u00fcnen G\u00fcrtel ( 5.KYU): Tobias Helisch. Zu beiden hatte der Pr\u00fcfer noch einige &nbsp;Anmerkungen, die aber letztendlich f\u00fcr das Pr\u00fcfungsergebnis nicht mehr relevant waren, sondern f\u00fcr zuk\u00fcnftige G\u00fcrtelpr\u00fcfungen anzuwenden sind.<\/p>\n\n\n\n<p>Die Pr\u00fcfungen wurden von Klaus Gilbert unserem JudoTrainer &nbsp;( 5. DAN ) durchgef\u00fchrt.<\/p>\n\n\n\n<p>Der Turnverein Michelbach 1903 e.V. gratuliert allen Teilnehmern zur bestandenen G\u00fcrtelpr\u00fcfung.<\/p>\n\n\n\n<p>Das Training im Verein findet, au\u00dferhalb der Ferien, jeweils dienstags von 15:30 \u2013 16:15 Uhr ab dem 6. Lebensjahr und von 16:15 \u2013 17:30 Uhr ab dem 9. Lebensjahr bzw. nach Absprache statt.<\/p>\n\n\n\n<p>Abteilung Judo <br>TV Michelbach 1903 e.V.\u00a0\u00a0\u00a0\u00a0<\/p>\n","protected":false},"excerpt":{"rendered":"<p>Nach l\u00e4ngerer Pause konnte die Judoabteilung des TVM in diesem Jahr vor den Sommerferien noch eine G\u00fcrtelpr\u00fcfung durchf\u00fchren. In den letzten Wochen hatten sich 4 Judoka des Vereins, in ihrer Trainingseinheit, vorbereitet. Das Ergebnis konnte sich sehen lassen. Am Ende der Pr\u00fcfung, der ersten Gruppe, konnten Lucy Blake und Tanja Mohr die Urkunden f\u00fcr den &#8230; <a title=\"G\u00fcrtelpr\u00fcfung beim TV Michelbach 1903 e.V.\" class=\"read-more\" href=\"https:\/\/tvm1903.de\/tvm\/2024\/07\/18\/guertelpruefung-beim-tv-michelbach-1903-e-v-2\/\" aria-label=\"Mehr Informationen \u00fcber G\u00fcrtelpr\u00fcfung beim TV Michelbach 1903 e.V.\">Weiterlesen<\/a><\/p>\n","protected":false},"author":1,"featured_media":0,"comment_status":"closed","ping_status":"closed","sticky":false,"template":"","format":"image","meta":{"footnotes":""},"categories":[4,2],"tags":[65],"class_list":["post-998","post","type-post","status-publish","format-image","hentry","category-judo","category-sport","tag-juli-2024","post_format-post-format-image"],"_links":{"self":[{"href":"https:\/\/tvm1903.de\/tvm\/wp-json\/wp\/v2\/posts\/998","targetHints":{"allow":["GET"]}}],"collection":[{"href":"https:\/\/tvm1903.de\/tvm\/wp-json\/wp\/v2\/posts"}],"about":[{"href":"https:\/\/tvm1903.de\/tvm\/wp-json\/wp\/v2\/types\/post"}],"author":[{"embeddable":true,"href":"https:\/\/tvm1903.de\/tvm\/wp-json\/wp\/v2\/users\/1"}],"replies":[{"embeddable":true,"href":"https:\/\/tvm1903.de\/tvm\/wp-json\/wp\/v2\/comments?post=998"}],"version-history":[{"count":1,"href":"https:\/\/tvm1903.de\/tvm\/wp-json\/wp\/v2\/posts\/998\/revisions"}],"predecessor-version":[{"id":1000,"href":"https:\/\/tvm1903.de\/tvm\/wp-json\/wp\/v2\/posts\/998\/revisions\/1000"}],"wp:attachment":[{"href":"https:\/\/tvm1903.de\/tvm\/wp-json\/wp\/v2\/media?parent=998"}],"wp:term":[{"taxonomy":"category","embeddable":true,"href":"https:\/\/tvm1903.de\/tvm\/wp-json\/wp\/v2\/categories?post=998"},{"taxonomy":"post_tag","embeddable":true,"href":"https:\/\/tvm1903.de\/tvm\/wp-json\/wp\/v2\/tags?post=998"}],"curies":[{"name":"wp","href":"https:\/\/api.w.org\/{rel}","templated":true}]}}