{"id":942,"date":"2024-03-27T14:09:00","date_gmt":"2024-03-27T13:09:00","guid":{"rendered":"https:\/\/tvm1903.de\/tvm\/?p=942"},"modified":"2024-03-25T21:14:43","modified_gmt":"2024-03-25T20:14:43","slug":"jahreshauptversammlung-2024-2","status":"publish","type":"post","link":"https:\/\/tvm1903.de\/tvm\/2024\/03\/27\/jahreshauptversammlung-2024-2\/","title":{"rendered":"Jahreshauptversammlung 2024"},"content":{"rendered":"<div class=\"wp-block-image\">\n<figure class=\"aligncenter size-large\"><img loading=\"lazy\" decoding=\"async\" width=\"1024\" height=\"819\" src=\"https:\/\/tvm1903.de\/wp-content\/uploads\/2024\/03\/20240320_TVM_JHV-1024x819.jpg\" alt=\"\" class=\"wp-image-943\" srcset=\"https:\/\/tvm1903.de\/wp-content\/uploads\/2024\/03\/20240320_TVM_JHV-1024x819.jpg 1024w, https:\/\/tvm1903.de\/wp-content\/uploads\/2024\/03\/20240320_TVM_JHV-300x240.jpg 300w, https:\/\/tvm1903.de\/wp-content\/uploads\/2024\/03\/20240320_TVM_JHV-768x614.jpg 768w, https:\/\/tvm1903.de\/wp-content\/uploads\/2024\/03\/20240320_TVM_JHV-1536x1229.jpg 1536w, https:\/\/tvm1903.de\/wp-content\/uploads\/2024\/03\/20240320_TVM_JHV.jpg 2000w\" sizes=\"auto, (max-width: 1024px) 100vw, 1024px\" \/><\/figure>\n<\/div>\n\n\n<p>Am 15.03.2024 fand in der Kirchfeldhalle die diesj\u00e4hrige Jahreshauptversammlung des TV Michelbach 1903 e.V. statt. In seinem Bericht stellte der 1. Vorsitzende Alexander Wolf u.a. die Mitgliederentwicklung der letzten Jahre dar. Nach dem Corona-bedingten Einbruch erreicht der TVM 2024 den h\u00f6chsten Mitgliederstand seit 2017. Regen Zulauf finden dabei zum einen die neuen Angebote wie Shuffleboard oder Line Dance, aber auch bestehende Gruppen werden konstant genutzt. In der Kinderleichtathletik ist der Zuwachs besonders stark. Abteilungsleiterin Erika Platner weist in ihrem Bericht dabei auf die vielen erfolgreichen Wettkampfteilnahmen des Nachwuchses hin. Sie und alle anderen Abteilungsleiter bedankten sich in ihren Jahresberichten v.a. bei ihren \u00dcbungsleiter:innen, ohne die das vielf\u00e4ltige Sportangebot nicht realisiert werden kann. Alexander Wolf wies eindringlich darauf hin, dass der Verein hier immer wieder auf Unterst\u00fctzung angewiesen ist. Wer Ideen f\u00fcr neue Sportangebote und Interesse an der Leitung einer \u00dcbungsgruppe hat, kann sich gerne beim Vorstand unter <a href=\"mailto:vorstand@tvm1903.de\">vorstand@tvm1903.de<\/a> melden.<\/p>\n\n\n\n<p>Neben dem regul\u00e4ren Trainingsbetrieb bem\u00fcht sich der Vorstand auch um gesellige Aktivit\u00e4ten f\u00fcr alte und neue Mitglieder. So wurde ein Sommerfest gefeiert, der Verein beteiligte sich gemeinsam mit der Musikschule und dem Schwimmbad-F\u00f6rderverein an \u201eFahr zur Aar\u201c und auch so mancher Arbeitseinsatz zur Pflege der Sportst\u00e4tten wurde zu einem geselligen Event. Dabei wurde u.a. dank einer F\u00f6rderung durch den LSBH der Anlauf f\u00fcr den Speerwurf erneuert<\/p>\n\n\n\n<p>Nach diesen R\u00fcckblicken auf 2023 ging es um die Zukunft des Vereins, denn es musste ein neuer Vorstand gew\u00e4hlt werden. Die Wahlleitung \u00fcbernahm unser Ehrenvorsitzender Manfred Schmidt. Einige Mitglieder schieden aus und die \u00c4mter wurden neu besetzt, andere bleiben und wurden mit ihren Aufgaben best\u00e4tigt. Der neue Vorstand setzt sich wie folgt zusammen:<\/p>\n\n\n\n<ul class=\"wp-block-list\">\n<li>1. Vorsitzender: Alexander Wolf<\/li>\n\n\n\n<li>2. Vorsitzender: Malte Jablonski<\/li>\n\n\n\n<li>3. Vorsitzende: Marion Jan\u00dfen<\/li>\n\n\n\n<li>1. Schatzmeister: Michael Skeide<\/li>\n\n\n\n<li>2. Schatzmeister: J\u00f6rg Duch\u00e8ne<\/li>\n\n\n\n<li>1. Schriftf\u00fchrer: Adam Prizibilla<\/li>\n\n\n\n<li>2. Schriftf\u00fchrerin: Daniela Wolf<\/li>\n\n\n\n<li>Sportwartin: Erika Platner<\/li>\n\n\n\n<li>Sozialwartin: Tamara Klimaszewski<\/li>\n\n\n\n<li>Pressewartin: Stefanie Raven<\/li>\n\n\n\n<li>Jugendwarte: Angelique Schintz und Julian Helisch<\/li>\n\n\n\n<li>Jugendsprecher: Bastian Helisch, Paula Mohr und Luisa Schneider<\/li>\n\n\n\n<li>Abteilungsleiterin Turnen: Daniela Wolf<\/li>\n\n\n\n<li>Abteilungsleiter Judo: Dieter Birk (kommisarisch)<\/li>\n\n\n\n<li>Abteilungsleiterin Leichtathletik: Erika Platner<\/li>\n\n\n\n<li>Abteilungsleiter Volleyball: Jonas Koren<\/li>\n\n\n\n<li>1. Beisitzer: Michael Helisch<\/li>\n\n\n\n<li>2. Beisitzerin: Danja Duch\u00e8ne<\/li>\n\n\n\n<li>3. Beisitzer: Leon Seelbach<\/li>\n<\/ul>\n\n\n<div class=\"wp-block-image\">\n<figure class=\"aligncenter size-large\"><img loading=\"lazy\" decoding=\"async\" width=\"1024\" height=\"683\" src=\"https:\/\/tvm1903.de\/wp-content\/uploads\/2024\/03\/P1011575-1024x683.jpg\" alt=\"\" class=\"wp-image-944\" srcset=\"https:\/\/tvm1903.de\/wp-content\/uploads\/2024\/03\/P1011575-1024x683.jpg 1024w, https:\/\/tvm1903.de\/wp-content\/uploads\/2024\/03\/P1011575-300x200.jpg 300w, https:\/\/tvm1903.de\/wp-content\/uploads\/2024\/03\/P1011575-768x512.jpg 768w, https:\/\/tvm1903.de\/wp-content\/uploads\/2024\/03\/P1011575-1536x1024.jpg 1536w, https:\/\/tvm1903.de\/wp-content\/uploads\/2024\/03\/P1011575-2048x1365.jpg 2048w\" sizes=\"auto, (max-width: 1024px) 100vw, 1024px\" \/><figcaption class=\"wp-element-caption\">Der neu gew\u00e4hlte Vorstand.<br>v.l.n.r.: Malte Jablonski, Marion Jan\u00dfen, Danja Duch\u00e8ne, Michael Skeide, Erika Platner, Leon Seelbach, Adam Prizibilla, Angelique Schintz, Julian Helisch, Luisa Schneider, Jonas Koren, Paula Mohr, Bastian Helisch, Tamara Klimaszewski, Michael Helisch, Alexander Wolf, Daniela Wolf, Stefanie Raven, J\u00f6rg Duch\u00e8ne<\/figcaption><\/figure>\n<\/div>\n\n\n<p>Alexander Wolf dankte den ausscheidenden Vorstandsmitgliedern Ingrid Laun, Dieter Birk und Fabian Birk f\u00fcr Ihren Einsatz in den vergangenen drei Jahren.<\/p>\n\n\n\n<p>Bevor der Abend bei geselligen Gespr\u00e4chen und einem leckeren Catering und Getr\u00e4nken ausklang, wurden zum Abschluss des offiziellen Teils 5 Personen zu Ehrenmitgliedern des Vereins ernannt. Der TV Michelbach ehrt Helma Wesche, Karl-Dieter Wirkner, Hannelore Schneider, Lydia Ruhland und Dieter Birk f\u00fcr 50 Jahre Mitgliedschaft. Wo ein Verein f\u00fcr viele nur noch ein reiner Dienstleister ist, ist solche Treue etwas ganz Besonderes und Alexander Wolf dankte den 5 neuen Ehrenmitgliedern im Namen des gesamten Vorstands herzlichst f\u00fcr ihre Verbundenheit. Sie ist ein Baustein daf\u00fcr, den Verein lebendig halten zu k\u00f6nnen.<\/p>\n\n\n\n<p>Wie lebendig das Vereinsleben des TVM ist, kann jeder am 14. April ab 14:00 Uhr in der Sporthalle der Aartalschule testen. Der Verein l\u00e4dt zu einem Mitmach-Nachmittag ein, bei dem sich die verschiedenen Abteilungen an einzelnen Stationen vorstellen. Jeder, von Klein bis Gro\u00df, kann die Angebote testen. Bitte lediglich leichte Sportkleidung, insbes. Sportschuhe bzw. Stopper Socken f\u00fcr die Kinder mitbringen. F\u00fcr das leibliche Wohl ist selbstverst\u00e4ndlich bestens gesorgt.<\/p>\n","protected":false},"excerpt":{"rendered":"<p>Am 15.03.2024 fand in der Kirchfeldhalle die diesj\u00e4hrige Jahreshauptversammlung des TV Michelbach 1903 e.V. statt. In seinem Bericht stellte der 1. Vorsitzende Alexander Wolf u.a. die Mitgliederentwicklung der letzten Jahre dar. Nach dem Corona-bedingten Einbruch erreicht der TVM 2024 den h\u00f6chsten Mitgliederstand seit 2017. Regen Zulauf finden dabei zum einen die neuen Angebote wie Shuffleboard &#8230; <a title=\"Jahreshauptversammlung 2024\" class=\"read-more\" href=\"https:\/\/tvm1903.de\/tvm\/2024\/03\/27\/jahreshauptversammlung-2024-2\/\" aria-label=\"Mehr Informationen \u00fcber Jahreshauptversammlung 2024\">Weiterlesen<\/a><\/p>\n","protected":false},"author":1,"featured_media":0,"comment_status":"closed","ping_status":"closed","sticky":false,"template":"","format":"image","meta":{"footnotes":""},"categories":[1],"tags":[63],"class_list":["post-942","post","type-post","status-publish","format-image","hentry","category-allgemein","tag-maerz-2024","post_format-post-format-image"],"_links":{"self":[{"href":"https:\/\/tvm1903.de\/tvm\/wp-json\/wp\/v2\/posts\/942","targetHints":{"allow":["GET"]}}],"collection":[{"href":"https:\/\/tvm1903.de\/tvm\/wp-json\/wp\/v2\/posts"}],"about":[{"href":"https:\/\/tvm1903.de\/tvm\/wp-json\/wp\/v2\/types\/post"}],"author":[{"embeddable":true,"href":"https:\/\/tvm1903.de\/tvm\/wp-json\/wp\/v2\/users\/1"}],"replies":[{"embeddable":true,"href":"https:\/\/tvm1903.de\/tvm\/wp-json\/wp\/v2\/comments?post=942"}],"version-history":[{"count":1,"href":"https:\/\/tvm1903.de\/tvm\/wp-json\/wp\/v2\/posts\/942\/revisions"}],"predecessor-version":[{"id":945,"href":"https:\/\/tvm1903.de\/tvm\/wp-json\/wp\/v2\/posts\/942\/revisions\/945"}],"wp:attachment":[{"href":"https:\/\/tvm1903.de\/tvm\/wp-json\/wp\/v2\/media?parent=942"}],"wp:term":[{"taxonomy":"category","embeddable":true,"href":"https:\/\/tvm1903.de\/tvm\/wp-json\/wp\/v2\/categories?post=942"},{"taxonomy":"post_tag","embeddable":true,"href":"https:\/\/tvm1903.de\/tvm\/wp-json\/wp\/v2\/tags?post=942"}],"curies":[{"name":"wp","href":"https:\/\/api.w.org\/{rel}","templated":true}]}}