{"id":763,"date":"2022-12-14T18:15:04","date_gmt":"2022-12-14T17:15:04","guid":{"rendered":"https:\/\/tvm1903.de\/tvm\/?p=763"},"modified":"2022-12-14T18:15:06","modified_gmt":"2022-12-14T17:15:06","slug":"weihnachtsgruesse-des-vorstands","status":"publish","type":"post","link":"https:\/\/tvm1903.de\/tvm\/2022\/12\/14\/weihnachtsgruesse-des-vorstands\/","title":{"rendered":"<strong>Weihnachtsgr\u00fc\u00dfe des Vorstands<\/strong>"},"content":{"rendered":"\n<p>Der TV Michelbach 1903 e.V. blickt auf ein ereignisreiches Jahr zur\u00fcck. Nachdem sich im vergangenen Jahr ein neuer Vorstand zusammengefunden hatte, konnten 2022 nach zwei Pandemie-Jahren bereits wieder viele Vereinsaktivit\u00e4ten wie gewohnt stattfinden. So verbrachten wir einen sch\u00f6nen, sonnigen Nachmittag beim Sommerfest und blicken auf erfolgreiche Wettk\u00e4mpfe in allen Abteilungen zur\u00fcck. In der vergangenen Woche hatten die Leichtathletik-Kinder bereits Besuch vom Nikolaus bei ihrem Nikolauslauf (s.u.), auf alle anderen Kinder und Jugendlichen wartet in den letzten Trainingsstunden vor den Ferien noch eine \u00dcberraschung.<\/p>\n\n\n\n<p>Auch im kommenden Jahr m\u00f6chten wir wieder mit einem breiten Sportangebot f\u00fcr Jung und Alt f\u00fcr Sie da sein. Freuen Sie sich neben Altbekanntem wie Turnen, Judo, Volleyball oder Tischtennis auch auf neue Angebote (z.B. Line-Dance, Nordic Walking,\u2026 Wir informieren rechtzeitig an dieser Stelle).<\/p>\n\n\n\n<p>Und wenn Weihnachtsmann oder Christkind noch eine Inspiration f\u00fcr sportliche Geschenke suchen, schauen Sie doch mal unter <a href=\"https:\/\/www.jako.de\/de\/team\/tv_michelbach\/\">https:\/\/www.jako.de\/de\/team\/tv_michelbach\/<\/a> vorbei. Dort k\u00f6nnen Sie mit dem Passwort TVMichelbach Sportkleidung mit unserem neuen Vereinslogo bestellen. Weitere Informationen dazu finden Sie auch unserer Vereinshomepage http:\/\/tvm1903.de\/.<\/p>\n\n\n\n<p>Zu guter Letzt w\u00fcnschen wir all unseren Mitgliedern und Ihren Familien fr\u00f6hliche, gesegnete Weihnachtstage und einen guten Rutsch ins neue Jahr.<\/p>\n","protected":false},"excerpt":{"rendered":"<p>Der TV Michelbach 1903 e.V. blickt auf ein ereignisreiches Jahr zur\u00fcck. Nachdem sich im vergangenen Jahr ein neuer Vorstand zusammengefunden hatte, konnten 2022 nach zwei Pandemie-Jahren bereits wieder viele Vereinsaktivit\u00e4ten wie gewohnt stattfinden. So verbrachten wir einen sch\u00f6nen, sonnigen Nachmittag beim Sommerfest und blicken auf erfolgreiche Wettk\u00e4mpfe in allen Abteilungen zur\u00fcck. In der vergangenen Woche &#8230; <a title=\"Weihnachtsgr\u00fc\u00dfe des Vorstands\" class=\"read-more\" href=\"https:\/\/tvm1903.de\/tvm\/2022\/12\/14\/weihnachtsgruesse-des-vorstands\/\" aria-label=\"Mehr Informationen \u00fcber Weihnachtsgr\u00fc\u00dfe des Vorstands\">Weiterlesen<\/a><\/p>\n","protected":false},"author":1,"featured_media":0,"comment_status":"closed","ping_status":"closed","sticky":false,"template":"","format":"standard","meta":{"footnotes":""},"categories":[1],"tags":[46],"class_list":["post-763","post","type-post","status-publish","format-standard","hentry","category-allgemein","tag-dezember-2022"],"_links":{"self":[{"href":"https:\/\/tvm1903.de\/tvm\/wp-json\/wp\/v2\/posts\/763","targetHints":{"allow":["GET"]}}],"collection":[{"href":"https:\/\/tvm1903.de\/tvm\/wp-json\/wp\/v2\/posts"}],"about":[{"href":"https:\/\/tvm1903.de\/tvm\/wp-json\/wp\/v2\/types\/post"}],"author":[{"embeddable":true,"href":"https:\/\/tvm1903.de\/tvm\/wp-json\/wp\/v2\/users\/1"}],"replies":[{"embeddable":true,"href":"https:\/\/tvm1903.de\/tvm\/wp-json\/wp\/v2\/comments?post=763"}],"version-history":[{"count":1,"href":"https:\/\/tvm1903.de\/tvm\/wp-json\/wp\/v2\/posts\/763\/revisions"}],"predecessor-version":[{"id":764,"href":"https:\/\/tvm1903.de\/tvm\/wp-json\/wp\/v2\/posts\/763\/revisions\/764"}],"wp:attachment":[{"href":"https:\/\/tvm1903.de\/tvm\/wp-json\/wp\/v2\/media?parent=763"}],"wp:term":[{"taxonomy":"category","embeddable":true,"href":"https:\/\/tvm1903.de\/tvm\/wp-json\/wp\/v2\/categories?post=763"},{"taxonomy":"post_tag","embeddable":true,"href":"https:\/\/tvm1903.de\/tvm\/wp-json\/wp\/v2\/tags?post=763"}],"curies":[{"name":"wp","href":"https:\/\/api.w.org\/{rel}","templated":true}]}}