{"id":701,"date":"2022-07-19T19:01:37","date_gmt":"2022-07-19T17:01:37","guid":{"rendered":"https:\/\/tvm1903.de\/tvm\/?p=701"},"modified":"2022-07-19T19:01:38","modified_gmt":"2022-07-19T17:01:38","slug":"tv-michelbach-beim-kreismehrkampfwettkampf","status":"publish","type":"post","link":"https:\/\/tvm1903.de\/tvm\/2022\/07\/19\/tv-michelbach-beim-kreismehrkampfwettkampf\/","title":{"rendered":"TV Michelbach beim Kreismehrkampfwettkampf"},"content":{"rendered":"<div class=\"wp-block-image\">\n<figure class=\"aligncenter size-large\"><img loading=\"lazy\" decoding=\"async\" width=\"1024\" height=\"768\" src=\"https:\/\/tvm1903.de\/wp-content\/uploads\/2022\/07\/0135f88b-760a-48e4-a436-8ad888022c22-1024x768.jpg\" alt=\"\" class=\"wp-image-702\" srcset=\"https:\/\/tvm1903.de\/wp-content\/uploads\/2022\/07\/0135f88b-760a-48e4-a436-8ad888022c22-1024x768.jpg 1024w, https:\/\/tvm1903.de\/wp-content\/uploads\/2022\/07\/0135f88b-760a-48e4-a436-8ad888022c22-300x225.jpg 300w, https:\/\/tvm1903.de\/wp-content\/uploads\/2022\/07\/0135f88b-760a-48e4-a436-8ad888022c22-768x576.jpg 768w, https:\/\/tvm1903.de\/wp-content\/uploads\/2022\/07\/0135f88b-760a-48e4-a436-8ad888022c22-1536x1152.jpg 1536w, https:\/\/tvm1903.de\/wp-content\/uploads\/2022\/07\/0135f88b-760a-48e4-a436-8ad888022c22.jpg 2048w\" sizes=\"auto, (max-width: 1024px) 100vw, 1024px\" \/><figcaption><br>Das Bild zeigt bei der Siegerehrung 1. Mino LoPresti und 5. Theo Larossa<\/figcaption><\/figure>\n<\/div>\n\n\n<p>Nach zweij\u00e4hriger Pause veranstaltete der Leichtathletik-Kreis Rheingau-Taunus einen Mehrkampfwettkampf f\u00fcr Sch\u00fcler\/innen in Kiedrich. Der Nachwuchs der Leichtathleten des TV Michelbach konnten hierbei mit vier Siegen und weiteren sehr guten Platzierungen gl\u00e4nzen. Jeweils den ersten Platz in ihrer Altersklasse belegten bei M14 Tobias Helisch mit 1256 P.(13.55-4,60-7,46), M13 Yunis Liban 982 P. (12,00-4,01-28), M12 Tristan Daum 1014 P.(11,88-3,77-35,00) und M11 Mino LoPresti 953 P. (8,05-3,63-32). Ida Guttzeit belegte bei W14 den 2.Platz mit 1155 P. (15,06-3,96-6,60), Lukas Helisch 2. Bei M13 mit 970 P. (11,74-3,73-28), Yannick Mai wurde bei M12 Dritter mit 906 P. (11,93-3,48-25,50) und Theo Larossa F\u00fcnfter bei M11 695 P. ( 8.50-3,10-16,50).<\/p>\n","protected":false},"excerpt":{"rendered":"<p>Nach zweij\u00e4hriger Pause veranstaltete der Leichtathletik-Kreis Rheingau-Taunus einen Mehrkampfwettkampf f\u00fcr Sch\u00fcler\/innen in Kiedrich. Der Nachwuchs der Leichtathleten des TV Michelbach konnten hierbei mit vier Siegen und weiteren sehr guten Platzierungen gl\u00e4nzen. Jeweils den ersten Platz in ihrer Altersklasse belegten bei M14 Tobias Helisch mit 1256 P.(13.55-4,60-7,46), M13 Yunis Liban 982 P. (12,00-4,01-28), M12 Tristan Daum &#8230; <a title=\"TV Michelbach beim Kreismehrkampfwettkampf\" class=\"read-more\" href=\"https:\/\/tvm1903.de\/tvm\/2022\/07\/19\/tv-michelbach-beim-kreismehrkampfwettkampf\/\" aria-label=\"Mehr Informationen \u00fcber TV Michelbach beim Kreismehrkampfwettkampf\">Weiterlesen<\/a><\/p>\n","protected":false},"author":1,"featured_media":0,"comment_status":"closed","ping_status":"closed","sticky":false,"template":"","format":"image","meta":{"footnotes":""},"categories":[5,2],"tags":[42],"class_list":["post-701","post","type-post","status-publish","format-image","hentry","category-leichtathletik","category-sport","tag-juli-2022","post_format-post-format-image"],"_links":{"self":[{"href":"https:\/\/tvm1903.de\/tvm\/wp-json\/wp\/v2\/posts\/701","targetHints":{"allow":["GET"]}}],"collection":[{"href":"https:\/\/tvm1903.de\/tvm\/wp-json\/wp\/v2\/posts"}],"about":[{"href":"https:\/\/tvm1903.de\/tvm\/wp-json\/wp\/v2\/types\/post"}],"author":[{"embeddable":true,"href":"https:\/\/tvm1903.de\/tvm\/wp-json\/wp\/v2\/users\/1"}],"replies":[{"embeddable":true,"href":"https:\/\/tvm1903.de\/tvm\/wp-json\/wp\/v2\/comments?post=701"}],"version-history":[{"count":1,"href":"https:\/\/tvm1903.de\/tvm\/wp-json\/wp\/v2\/posts\/701\/revisions"}],"predecessor-version":[{"id":703,"href":"https:\/\/tvm1903.de\/tvm\/wp-json\/wp\/v2\/posts\/701\/revisions\/703"}],"wp:attachment":[{"href":"https:\/\/tvm1903.de\/tvm\/wp-json\/wp\/v2\/media?parent=701"}],"wp:term":[{"taxonomy":"category","embeddable":true,"href":"https:\/\/tvm1903.de\/tvm\/wp-json\/wp\/v2\/categories?post=701"},{"taxonomy":"post_tag","embeddable":true,"href":"https:\/\/tvm1903.de\/tvm\/wp-json\/wp\/v2\/tags?post=701"}],"curies":[{"name":"wp","href":"https:\/\/api.w.org\/{rel}","templated":true}]}}