{"id":689,"date":"2022-06-15T09:29:56","date_gmt":"2022-06-15T07:29:56","guid":{"rendered":"https:\/\/tvm1903.de\/tvm\/?p=689"},"modified":"2022-07-19T19:02:00","modified_gmt":"2022-07-19T17:02:00","slug":"einladung-zum-sommerfest","status":"publish","type":"post","link":"https:\/\/tvm1903.de\/tvm\/2022\/06\/15\/einladung-zum-sommerfest\/","title":{"rendered":"Einladung zum Sommerfest"},"content":{"rendered":"\n<p>Liebe Mitglieder des TV Michelbach,<\/p>\n\n\n\n<p>wir laden Euch herzlich zu unserem <strong>Vereinsfest am 16. Juli 2022 <\/strong>auf dem <strong>Michelbacher Sportplatz<\/strong> ein. <\/p>\n\n\n\n<p>Vormittags starten wir gemeinsam mit dem TV Kettenbach mit dem Sportabzeichentag. Stellt Eure Fitness ab 10:00 Uhr auf dem Sportplatz und im Schwimmbad unter Beweis.<\/p>\n\n\n\n<p>Im Anschluss m\u00f6chten wir <strong>ab etwa 14:00 Uhr <\/strong>mit Euch ein paar gem\u00fctliche Stunden verbringen. Spielger\u00e4te f\u00fcr die Kinder stehen bereit und Essen- und Getr\u00e4nkeverkauf wird es selbstverst\u00e4ndlich auch geben. Um unn\u00f6tigen Abfall zu vermeiden, bringt bitte Teller, Besteck und Becher mit &#8211; vielen Dank schon mal daf\u00fcr. <\/p>\n\n\n\n<p>F\u00fcr eine bessere Planung bitten wir um Eure <strong>verbindliche Anmeldung bis zum 26. Juni 2022.<\/strong> Bitte gebt dazu den Abschnitt unten bei Euren \u00dcbungsleitern\/Trainern ab oder sendet eine E-Mail an den Vorstand. Au\u00dferdem w\u00fcrden wir uns \u00fcber Eure Unterst\u00fctzung in Form von Salaten- bzw. Kuchenspenden freuen.<\/p>\n\n\n\n<p>Wir freuen uns auf einen sch\u00f6nen Tag mit Euch.<\/p>\n\n\n\n<p>Mit sportlichem Gru\u00df f\u00fcr den gesamten Vorstand<br>Alexander Wolf<br>(1. Vorsitzender)<\/p>\n\n\n\n<div class=\"wp-block-file\"><a id=\"wp-block-file--media-87338c03-e760-4022-bbe9-851036a495ab\" href=\"https:\/\/tvm1903.de\/wp-content\/uploads\/2022\/06\/EinladungSommerfest.pdf\">EinladungSommerfest<\/a><a href=\"https:\/\/tvm1903.de\/wp-content\/uploads\/2022\/06\/EinladungSommerfest.pdf\" class=\"wp-block-file__button\" download aria-describedby=\"wp-block-file--media-87338c03-e760-4022-bbe9-851036a495ab\">Herunterladen<\/a><\/div>\n","protected":false},"excerpt":{"rendered":"<p>Liebe Mitglieder des TV Michelbach, wir laden Euch herzlich zu unserem Vereinsfest am 16. Juli 2022 auf dem Michelbacher Sportplatz ein. Vormittags starten wir gemeinsam mit dem TV Kettenbach mit dem Sportabzeichentag. Stellt Eure Fitness ab 10:00 Uhr auf dem Sportplatz und im Schwimmbad unter Beweis. Im Anschluss m\u00f6chten wir ab etwa 14:00 Uhr mit &#8230; <a title=\"Einladung zum Sommerfest\" class=\"read-more\" href=\"https:\/\/tvm1903.de\/tvm\/2022\/06\/15\/einladung-zum-sommerfest\/\" aria-label=\"Mehr Informationen \u00fcber Einladung zum Sommerfest\">Weiterlesen<\/a><\/p>\n","protected":false},"author":1,"featured_media":0,"comment_status":"closed","ping_status":"closed","sticky":false,"template":"","format":"image","meta":{"footnotes":""},"categories":[1],"tags":[41],"class_list":["post-689","post","type-post","status-publish","format-image","hentry","category-allgemein","tag-juni-2022","post_format-post-format-image"],"_links":{"self":[{"href":"https:\/\/tvm1903.de\/tvm\/wp-json\/wp\/v2\/posts\/689","targetHints":{"allow":["GET"]}}],"collection":[{"href":"https:\/\/tvm1903.de\/tvm\/wp-json\/wp\/v2\/posts"}],"about":[{"href":"https:\/\/tvm1903.de\/tvm\/wp-json\/wp\/v2\/types\/post"}],"author":[{"embeddable":true,"href":"https:\/\/tvm1903.de\/tvm\/wp-json\/wp\/v2\/users\/1"}],"replies":[{"embeddable":true,"href":"https:\/\/tvm1903.de\/tvm\/wp-json\/wp\/v2\/comments?post=689"}],"version-history":[{"count":3,"href":"https:\/\/tvm1903.de\/tvm\/wp-json\/wp\/v2\/posts\/689\/revisions"}],"predecessor-version":[{"id":695,"href":"https:\/\/tvm1903.de\/tvm\/wp-json\/wp\/v2\/posts\/689\/revisions\/695"}],"wp:attachment":[{"href":"https:\/\/tvm1903.de\/tvm\/wp-json\/wp\/v2\/media?parent=689"}],"wp:term":[{"taxonomy":"category","embeddable":true,"href":"https:\/\/tvm1903.de\/tvm\/wp-json\/wp\/v2\/categories?post=689"},{"taxonomy":"post_tag","embeddable":true,"href":"https:\/\/tvm1903.de\/tvm\/wp-json\/wp\/v2\/tags?post=689"}],"curies":[{"name":"wp","href":"https:\/\/api.w.org\/{rel}","templated":true}]}}