{"id":678,"date":"2022-06-05T13:45:59","date_gmt":"2022-06-05T11:45:59","guid":{"rendered":"https:\/\/tvm1903.de\/tvm\/?p=678"},"modified":"2022-06-05T13:46:01","modified_gmt":"2022-06-05T11:46:01","slug":"guertelpruefung-beim-tv-michelbach-1903-e-v","status":"publish","type":"post","link":"https:\/\/tvm1903.de\/tvm\/2022\/06\/05\/guertelpruefung-beim-tv-michelbach-1903-e-v\/","title":{"rendered":"G\u00fcrtelpr\u00fcfung beim TV Michelbach 1903 e.V."},"content":{"rendered":"\n<div class=\"wp-block-columns is-layout-flex wp-container-core-columns-is-layout-9d6595d7 wp-block-columns-is-layout-flex\">\n<div class=\"wp-block-column is-layout-flow wp-block-column-is-layout-flow\" style=\"flex-basis:100%\">\n<div class=\"wp-block-columns is-layout-flex wp-container-core-columns-is-layout-9d6595d7 wp-block-columns-is-layout-flex\">\n<div class=\"wp-block-column is-layout-flow wp-block-column-is-layout-flow\" style=\"flex-basis:50%\">\n<figure class=\"wp-block-image size-large is-style-default\"><img loading=\"lazy\" decoding=\"async\" width=\"768\" height=\"1024\" src=\"https:\/\/tvm1903.de\/wp-content\/uploads\/2022\/06\/IMG_20220329_162312-768x1024.jpg\" alt=\"\" class=\"wp-image-680\" srcset=\"https:\/\/tvm1903.de\/wp-content\/uploads\/2022\/06\/IMG_20220329_162312-768x1024.jpg 768w, https:\/\/tvm1903.de\/wp-content\/uploads\/2022\/06\/IMG_20220329_162312-225x300.jpg 225w, https:\/\/tvm1903.de\/wp-content\/uploads\/2022\/06\/IMG_20220329_162312-1152x1536.jpg 1152w, https:\/\/tvm1903.de\/wp-content\/uploads\/2022\/06\/IMG_20220329_162312-1536x2048.jpg 1536w, https:\/\/tvm1903.de\/wp-content\/uploads\/2022\/06\/IMG_20220329_162312-scaled.jpg 1920w\" sizes=\"auto, (max-width: 768px) 100vw, 768px\" \/><\/figure>\n<\/div>\n\n\n\n<div class=\"wp-block-column is-layout-flow wp-block-column-is-layout-flow\" style=\"flex-basis:50%\">\n<figure class=\"wp-block-image size-large\"><img loading=\"lazy\" decoding=\"async\" width=\"768\" height=\"1024\" src=\"https:\/\/tvm1903.de\/wp-content\/uploads\/2022\/06\/IMG_20220329_174638-768x1024.jpg\" alt=\"\" class=\"wp-image-681\" srcset=\"https:\/\/tvm1903.de\/wp-content\/uploads\/2022\/06\/IMG_20220329_174638-768x1024.jpg 768w, https:\/\/tvm1903.de\/wp-content\/uploads\/2022\/06\/IMG_20220329_174638-225x300.jpg 225w, https:\/\/tvm1903.de\/wp-content\/uploads\/2022\/06\/IMG_20220329_174638-1152x1536.jpg 1152w, https:\/\/tvm1903.de\/wp-content\/uploads\/2022\/06\/IMG_20220329_174638-1536x2048.jpg 1536w, https:\/\/tvm1903.de\/wp-content\/uploads\/2022\/06\/IMG_20220329_174638-scaled.jpg 1920w\" sizes=\"auto, (max-width: 768px) 100vw, 768px\" \/><\/figure>\n<\/div>\n<\/div>\n<\/div>\n<\/div>\n\n\n\n<p><strong>Nach l\u00e4ngerer Pause konnte die Judoabteilung des TVM in diesem Jahr vor den Osterferien noch eine G\u00fcrtelpr\u00fcfung durchf\u00fchren. In den letzten Wochen hatten sich 9 Judoka des Vereins, in ihrer Trainingseinheit, intensiv auf diese vorbereitet. Das Ergebnis konnte sich sehen lassen.<\/strong><\/p>\n\n\n\n<p>Am Ende der Pr\u00fcfung der ersten Gruppe konnten Luca Diekmann, Oscar Cramer, Mia Dre\u00dfler sowie Hanna Markus die Urkunden f\u00fcr den wei\u00df-gelben G\u00fcrtel entgegennehmen.<\/p>\n\n\n\n<p>Es folgte die Pr\u00fcfung der fortgeschritteneren Judoka. Trotz der anspruchsvolleren Anforderungen konnten alle Teilnehmer die Urkunde des erstrebten Grades entgegennehmen. Dies waren zum gelben G\u00fcrtel: Tobias Helisch, Julian Siegler sowie Emilia B\u00f6ll und zum gelb-orangen G\u00fcrtel: Bastian Helisch und Alesia B\u00f6ll.<\/p>\n\n\n\n<p>Die Pr\u00fcfungen wurden von Klaus Gilbert, unserem Judo-Trainer ( 5. DAN ) durchgef\u00fchrt.<\/p>\n\n\n\n<p>Der Turnverein Michelbach 1903 e.V. gratuliert allen Teilnehmern zur bestandenen G\u00fcrtelpr\u00fcfung.<\/p>\n\n\n\n<p>Das Training im Verein findet, au\u00dferhalb der Ferien, jeweils dienstags von 15:30 \u2013 16:15 Uhr ab dem 6. Lebensjahr und von 16:15 \u2013 17:30 Uhr ab dem 9. Lebensjahr bzw. nach Absprache statt.<\/p>\n\n\n\n<p>Text und Bild: Klaus Gilbert<\/p>\n","protected":false},"excerpt":{"rendered":"<p>Nach l\u00e4ngerer Pause konnte die Judoabteilung des TVM in diesem Jahr vor den Osterferien noch eine G\u00fcrtelpr\u00fcfung durchf\u00fchren. In den letzten Wochen hatten sich 9 Judoka des Vereins, in ihrer Trainingseinheit, intensiv auf diese vorbereitet. Das Ergebnis konnte sich sehen lassen. Am Ende der Pr\u00fcfung der ersten Gruppe konnten Luca Diekmann, Oscar Cramer, Mia Dre\u00dfler &#8230; <a title=\"G\u00fcrtelpr\u00fcfung beim TV Michelbach 1903 e.V.\" class=\"read-more\" href=\"https:\/\/tvm1903.de\/tvm\/2022\/06\/05\/guertelpruefung-beim-tv-michelbach-1903-e-v\/\" aria-label=\"Mehr Informationen \u00fcber G\u00fcrtelpr\u00fcfung beim TV Michelbach 1903 e.V.\">Weiterlesen<\/a><\/p>\n","protected":false},"author":1,"featured_media":0,"comment_status":"closed","ping_status":"closed","sticky":false,"template":"","format":"image","meta":{"footnotes":""},"categories":[4,2],"tags":[],"class_list":["post-678","post","type-post","status-publish","format-image","hentry","category-judo","category-sport","post_format-post-format-image"],"_links":{"self":[{"href":"https:\/\/tvm1903.de\/tvm\/wp-json\/wp\/v2\/posts\/678","targetHints":{"allow":["GET"]}}],"collection":[{"href":"https:\/\/tvm1903.de\/tvm\/wp-json\/wp\/v2\/posts"}],"about":[{"href":"https:\/\/tvm1903.de\/tvm\/wp-json\/wp\/v2\/types\/post"}],"author":[{"embeddable":true,"href":"https:\/\/tvm1903.de\/tvm\/wp-json\/wp\/v2\/users\/1"}],"replies":[{"embeddable":true,"href":"https:\/\/tvm1903.de\/tvm\/wp-json\/wp\/v2\/comments?post=678"}],"version-history":[{"count":1,"href":"https:\/\/tvm1903.de\/tvm\/wp-json\/wp\/v2\/posts\/678\/revisions"}],"predecessor-version":[{"id":682,"href":"https:\/\/tvm1903.de\/tvm\/wp-json\/wp\/v2\/posts\/678\/revisions\/682"}],"wp:attachment":[{"href":"https:\/\/tvm1903.de\/tvm\/wp-json\/wp\/v2\/media?parent=678"}],"wp:term":[{"taxonomy":"category","embeddable":true,"href":"https:\/\/tvm1903.de\/tvm\/wp-json\/wp\/v2\/categories?post=678"},{"taxonomy":"post_tag","embeddable":true,"href":"https:\/\/tvm1903.de\/tvm\/wp-json\/wp\/v2\/tags?post=678"}],"curies":[{"name":"wp","href":"https:\/\/api.w.org\/{rel}","templated":true}]}}