{"id":560,"date":"2019-12-29T14:51:43","date_gmt":"2019-12-29T13:51:43","guid":{"rendered":"https:\/\/tvm1903.de\/tvm\/?p=560"},"modified":"2019-12-29T14:51:44","modified_gmt":"2019-12-29T13:51:44","slug":"sportabzeichenehrung-des-tv-michelbach-2","status":"publish","type":"post","link":"https:\/\/tvm1903.de\/tvm\/2019\/12\/29\/sportabzeichenehrung-des-tv-michelbach-2\/","title":{"rendered":"Sportabzeichenehrung des TV Michelbach"},"content":{"rendered":"\n<figure class=\"wp-block-image size-large\"><img loading=\"lazy\" decoding=\"async\" width=\"1024\" height=\"575\" src=\"https:\/\/tvm1903.de\/wp-content\/uploads\/2019\/12\/CIMG4526-1024x575.jpg\" alt=\"\" class=\"wp-image-561\" srcset=\"https:\/\/tvm1903.de\/wp-content\/uploads\/2019\/12\/CIMG4526-1024x575.jpg 1024w, https:\/\/tvm1903.de\/wp-content\/uploads\/2019\/12\/CIMG4526-300x168.jpg 300w, https:\/\/tvm1903.de\/wp-content\/uploads\/2019\/12\/CIMG4526-768x431.jpg 768w, https:\/\/tvm1903.de\/wp-content\/uploads\/2019\/12\/CIMG4526-1536x862.jpg 1536w, https:\/\/tvm1903.de\/wp-content\/uploads\/2019\/12\/CIMG4526-2048x1150.jpg 2048w\" sizes=\"auto, (max-width: 1024px) 100vw, 1024px\" \/><figcaption>Toni Polizzi \u00fcberreicht den erfolgreichen Teilnehmern des diesj\u00e4hrigen Sportabzeichentages ihre Abzeichen<\/figcaption><\/figure>\n\n\n\n<p>Am Sportabzeichentag des TV Michelbach, der gemeinsam mit dem TV Kettenbach im September durchgef\u00fchrt\u00a0 wurde, hatten einige Sportlerinnen und Sportler des TV Michelbach die Anforderungen erf\u00fcllen k\u00f6nnen. Jetzt ehrte der 2. Vorsitzende des TVM, Toni Polizzi,\u00a0 mit der \u00dcbergabe der Urkunden und Abzeichen die erfolgreichen Teilnehmer. Bei den Erwachsenen erf\u00fcllten die Anforderungen f\u00fcr Gold: Petra Diels, Barbara Lo Presti, Ulrike Schestag und Philipp Hertling.<\/p>\n\n\n\n<p>Bei den Jugendlichen erreichten das Abzeichen in Gold: Julian Helisch, Ida Guttzeit, Luisa Schneider, Laura Neujahr, Dennis Richter und Tobias Helisch. Silber ging an Bastian Helisch, Elias Striebich, Conrad Schneider, Julian Lietz und Bronze an Lukas Helisch.<\/p>\n","protected":false},"excerpt":{"rendered":"<p>Am Sportabzeichentag des TV Michelbach, der gemeinsam mit dem TV Kettenbach im September durchgef\u00fchrt\u00a0 wurde, hatten einige Sportlerinnen und Sportler des TV Michelbach die Anforderungen erf\u00fcllen k\u00f6nnen. Jetzt ehrte der 2. Vorsitzende des TVM, Toni Polizzi,\u00a0 mit der \u00dcbergabe der Urkunden und Abzeichen die erfolgreichen Teilnehmer. Bei den Erwachsenen erf\u00fcllten die Anforderungen f\u00fcr Gold: Petra &#8230; <a title=\"Sportabzeichenehrung des TV Michelbach\" class=\"read-more\" href=\"https:\/\/tvm1903.de\/tvm\/2019\/12\/29\/sportabzeichenehrung-des-tv-michelbach-2\/\" aria-label=\"Mehr Informationen \u00fcber Sportabzeichenehrung des TV Michelbach\">Weiterlesen<\/a><\/p>\n","protected":false},"author":1,"featured_media":0,"comment_status":"closed","ping_status":"closed","sticky":false,"template":"","format":"image","meta":{"footnotes":""},"categories":[2],"tags":[29],"class_list":["post-560","post","type-post","status-publish","format-image","hentry","category-sport","tag-dezember-2019","post_format-post-format-image"],"_links":{"self":[{"href":"https:\/\/tvm1903.de\/tvm\/wp-json\/wp\/v2\/posts\/560","targetHints":{"allow":["GET"]}}],"collection":[{"href":"https:\/\/tvm1903.de\/tvm\/wp-json\/wp\/v2\/posts"}],"about":[{"href":"https:\/\/tvm1903.de\/tvm\/wp-json\/wp\/v2\/types\/post"}],"author":[{"embeddable":true,"href":"https:\/\/tvm1903.de\/tvm\/wp-json\/wp\/v2\/users\/1"}],"replies":[{"embeddable":true,"href":"https:\/\/tvm1903.de\/tvm\/wp-json\/wp\/v2\/comments?post=560"}],"version-history":[{"count":1,"href":"https:\/\/tvm1903.de\/tvm\/wp-json\/wp\/v2\/posts\/560\/revisions"}],"predecessor-version":[{"id":562,"href":"https:\/\/tvm1903.de\/tvm\/wp-json\/wp\/v2\/posts\/560\/revisions\/562"}],"wp:attachment":[{"href":"https:\/\/tvm1903.de\/tvm\/wp-json\/wp\/v2\/media?parent=560"}],"wp:term":[{"taxonomy":"category","embeddable":true,"href":"https:\/\/tvm1903.de\/tvm\/wp-json\/wp\/v2\/categories?post=560"},{"taxonomy":"post_tag","embeddable":true,"href":"https:\/\/tvm1903.de\/tvm\/wp-json\/wp\/v2\/tags?post=560"}],"curies":[{"name":"wp","href":"https:\/\/api.w.org\/{rel}","templated":true}]}}