{"id":538,"date":"2019-11-03T20:51:09","date_gmt":"2019-11-03T19:51:09","guid":{"rendered":"https:\/\/tvm1903.de\/tvm\/?p=538"},"modified":"2019-11-03T20:51:10","modified_gmt":"2019-11-03T19:51:10","slug":"tv-michelbach-wieder-erfolgreich-bei-der-kinderleichtathletik-3","status":"publish","type":"post","link":"https:\/\/tvm1903.de\/tvm\/2019\/11\/03\/tv-michelbach-wieder-erfolgreich-bei-der-kinderleichtathletik-3\/","title":{"rendered":"TV Michelbach wieder erfolgreich bei der Kinderleichtathletik"},"content":{"rendered":"\n<figure class=\"wp-block-image\"><img loading=\"lazy\" decoding=\"async\" width=\"1024\" height=\"768\" src=\"https:\/\/tvm1903.de\/wp-content\/uploads\/2019\/11\/IMG_0869-1024x768.jpg\" alt=\"\" class=\"wp-image-539\" srcset=\"https:\/\/tvm1903.de\/wp-content\/uploads\/2019\/11\/IMG_0869-1024x768.jpg 1024w, https:\/\/tvm1903.de\/wp-content\/uploads\/2019\/11\/IMG_0869-300x225.jpg 300w, https:\/\/tvm1903.de\/wp-content\/uploads\/2019\/11\/IMG_0869-768x576.jpg 768w, https:\/\/tvm1903.de\/wp-content\/uploads\/2019\/11\/IMG_0869.jpg 1600w\" sizes=\"auto, (max-width: 1024px) 100vw, 1024px\" \/><figcaption><strong>Das Bild zeigt die Mannschaft U10<\/strong> <strong>der Kinderleichtathletik Gruppe<\/strong><\/figcaption><\/figure>\n\n\n\n<p>Die LA-Kinder des TV Michelbach beteiligten sich sehr erfolgreich bei zahlreicher Konkurrenz an einem KI-LA Teamwettkampf in der Taubenberghalle in  Idstein. Mit teilnehmenden 30 Mannschaften und \u00fcber 250 Kindern hatten die Veranstalter reichlich zu tun! Durch gute Organisation konnte schon nach etwas mehr als zwei Stunden von unserem Landrat, Herrn Kilian, die Siegerehrung durchgef\u00fchrt werden. Die Mannschaft U10 des TV Michelbach belegte in der Kreiswertung einen ausgezeichneten 1.Platz mit Tristan Daum, Yannick Mai, Eliah Heiser, Mino Lo Presti, Lena Wolf, G\u00fcven Camci, Yana Fellner, Julian Lietz und Paul Reiber. Hierzu sammelten sie in den Disziplinen 40 m Hindernis-Staffel, Wechselspr\u00fcnge, Medizinballsto\u00dfen und Hoch-Weitsprung flei\u00dfig Punkte.<\/p>\n\n\n\n<p>Ein weiteres gutes  Ergebnis erzielte das Team der U8. Die Mannschaft mit Ida Schatilow, Jonas Haberstock, Zerda Camci, Helena Schestag und Laura Neujahr belegte den ausgezeichneten 2. Platz  und absolvierten hierbei die Disziplinen 30 m Hindernis-Staffel, Hochweitsprung, Einbeinh\u00fcpferstaffel und Basketballsto\u00dfen erfolgreich.                                                             <br>Auch in der AK U12 erzielten die Teilnehmer sehr gute Ergebnisse. Die Mannschaft mit Luisa Schneider, Linus Schestag, Leon Ohlenschl\u00e4ger, Lukas Helisch, Sam Winiecki und Patrick Zimmermann  belegte den 3. Platz.  In dieser Altersklasse waren die Aufgaben 40 m Hindernis-Sprintstaffel, F\u00fcnfsprung, Hochsprung und Medizinballsto\u00dfen. Alle Kinder konnten sich \u00fcber ihre guten Leistungen, Urkunden und Medaillen  freuen und hatten viel Spa\u00df.<\/p>\n","protected":false},"excerpt":{"rendered":"<p>Die LA-Kinder des TV Michelbach beteiligten sich sehr erfolgreich bei zahlreicher Konkurrenz an einem KI-LA Teamwettkampf in der Taubenberghalle in Idstein. Mit teilnehmenden 30 Mannschaften und \u00fcber 250 Kindern hatten die Veranstalter reichlich zu tun! Durch gute Organisation konnte schon nach etwas mehr als zwei Stunden von unserem Landrat, Herrn Kilian, die Siegerehrung durchgef\u00fchrt werden. &#8230; <a title=\"TV Michelbach wieder erfolgreich bei der Kinderleichtathletik\" class=\"read-more\" href=\"https:\/\/tvm1903.de\/tvm\/2019\/11\/03\/tv-michelbach-wieder-erfolgreich-bei-der-kinderleichtathletik-3\/\" aria-label=\"Mehr Informationen \u00fcber TV Michelbach wieder erfolgreich bei der Kinderleichtathletik\">Weiterlesen<\/a><\/p>\n","protected":false},"author":1,"featured_media":0,"comment_status":"closed","ping_status":"closed","sticky":false,"template":"","format":"image","meta":{"footnotes":""},"categories":[5,2],"tags":[28],"class_list":["post-538","post","type-post","status-publish","format-image","hentry","category-leichtathletik","category-sport","tag-oktober-2019","post_format-post-format-image"],"_links":{"self":[{"href":"https:\/\/tvm1903.de\/tvm\/wp-json\/wp\/v2\/posts\/538","targetHints":{"allow":["GET"]}}],"collection":[{"href":"https:\/\/tvm1903.de\/tvm\/wp-json\/wp\/v2\/posts"}],"about":[{"href":"https:\/\/tvm1903.de\/tvm\/wp-json\/wp\/v2\/types\/post"}],"author":[{"embeddable":true,"href":"https:\/\/tvm1903.de\/tvm\/wp-json\/wp\/v2\/users\/1"}],"replies":[{"embeddable":true,"href":"https:\/\/tvm1903.de\/tvm\/wp-json\/wp\/v2\/comments?post=538"}],"version-history":[{"count":1,"href":"https:\/\/tvm1903.de\/tvm\/wp-json\/wp\/v2\/posts\/538\/revisions"}],"predecessor-version":[{"id":540,"href":"https:\/\/tvm1903.de\/tvm\/wp-json\/wp\/v2\/posts\/538\/revisions\/540"}],"wp:attachment":[{"href":"https:\/\/tvm1903.de\/tvm\/wp-json\/wp\/v2\/media?parent=538"}],"wp:term":[{"taxonomy":"category","embeddable":true,"href":"https:\/\/tvm1903.de\/tvm\/wp-json\/wp\/v2\/categories?post=538"},{"taxonomy":"post_tag","embeddable":true,"href":"https:\/\/tvm1903.de\/tvm\/wp-json\/wp\/v2\/tags?post=538"}],"curies":[{"name":"wp","href":"https:\/\/api.w.org\/{rel}","templated":true}]}}