{"id":504,"date":"2019-08-18T13:34:08","date_gmt":"2019-08-18T11:34:08","guid":{"rendered":"https:\/\/tvm1903.de\/?p=504"},"modified":"2019-08-18T13:46:05","modified_gmt":"2019-08-18T11:46:05","slug":"3-michelbacher-herbstsportfest","status":"publish","type":"post","link":"https:\/\/tvm1903.de\/tvm\/2019\/08\/18\/3-michelbacher-herbstsportfest\/","title":{"rendered":"3. Michelbacher Herbstsportfest"},"content":{"rendered":"\n<div class=\"wp-block-cover has-background-dim\" style=\"background-image:url(https:\/\/tvm1903.de\/wp-content\/uploads\/2019\/08\/Hochsprung_Bild-1024x624.jpg)\"><div class=\"wp-block-cover__inner-container is-layout-flow wp-block-cover-is-layout-flow\">\n<h1 class=\"wp-block-heading\"><strong>&nbsp;<\/strong><\/h1>\n\n\n\n<h1 class=\"headline wp-block-heading\"><strong>Ausschreibung <\/strong><\/h1>\n\n\n\n<h1 class=\"headline wp-block-heading\"><strong>\u201e3. Michelbacher Herbstsportfest\u201c <\/strong><\/h1>\n<\/div><\/div>\n\n\n\n<p><strong>Ausrichter:<\/strong> &nbsp;&nbsp;&nbsp;&nbsp;&nbsp;&nbsp;&nbsp;&nbsp;&nbsp; TV\nMichelbach<\/p>\n\n\n\n<p><strong>&nbsp;&nbsp;&nbsp;&nbsp;&nbsp; Ort:<\/strong> &nbsp;&nbsp;&nbsp;&nbsp;&nbsp;&nbsp;&nbsp;&nbsp;&nbsp;&nbsp;&nbsp;&nbsp;&nbsp;&nbsp;&nbsp;&nbsp;&nbsp;&nbsp;&nbsp;&nbsp;&nbsp; Kirchstra\u00dfe, 65326 Aarbergen\nMichelbach <\/p>\n\n\n\n<h2 class=\"wp-block-heading\">Bestimmungen:  Die Wettbewerbe werden nach den\nBestimmungen der IWR und der DLO ausgetragen. Teilnahme nur mit g\u00fcltigem\nStartpass!<\/h2>\n\n\n\n<p><strong>Wettbewerbe: &nbsp;&nbsp;&nbsp;&nbsp; <\/strong>Stabhochsprung, Weitsprung,\nHochsprung, Kugelsto\u00dfen, Diskuswerfen<\/p>\n\n\n\n<p><strong>&nbsp;f\u00fcr M\u00e4nner und\nFrauen (Seniorenwertung), MJ U20, U18, U16, U14; WJ U20, U18, U16, U14&nbsp;&nbsp; <\/strong><\/p>\n\n\n\n<h2 class=\"wp-block-heading\">&nbsp;&nbsp;&nbsp;\n&nbsp;Samstag, den 14.09.2019<\/h2>\n\n\n\n<p>&nbsp;&nbsp;&nbsp;&nbsp;&nbsp;&nbsp;&nbsp;&nbsp;&nbsp;&nbsp;&nbsp;&nbsp;&nbsp; Zeitplan\/Anfangsh\u00f6hen:<\/p>\n\n\n\n<p>&nbsp;&nbsp;&nbsp;&nbsp;&nbsp;&nbsp;&nbsp;&nbsp;&nbsp;&nbsp;&nbsp; Stabhochsprung:&nbsp;&nbsp;&nbsp;&nbsp;&nbsp;&nbsp;&nbsp;&nbsp;&nbsp;&nbsp;&nbsp;&nbsp;&nbsp;&nbsp;&nbsp;&nbsp;&nbsp;&nbsp;&nbsp;&nbsp;&nbsp;&nbsp;&nbsp;&nbsp;&nbsp;&nbsp;&nbsp;&nbsp;&nbsp;&nbsp;&nbsp;&nbsp;&nbsp; Klassen&nbsp;&nbsp;&nbsp;&nbsp;&nbsp;&nbsp;&nbsp;&nbsp; Anfangsh\u00f6he&nbsp;&nbsp;&nbsp;&nbsp;&nbsp;&nbsp;&nbsp;&nbsp;&nbsp;&nbsp;&nbsp;&nbsp;&nbsp;&nbsp;&nbsp;&nbsp;&nbsp;&nbsp; Startzeit<\/p>\n\n\n\n<p>&nbsp;&nbsp;&nbsp;&nbsp;&nbsp;&nbsp;&nbsp;&nbsp;&nbsp;&nbsp;&nbsp; WK 1: Nachwuchsspringen &nbsp;&nbsp;&nbsp;&nbsp;&nbsp;&nbsp;&nbsp;&nbsp;&nbsp;&nbsp;&nbsp;&nbsp;&nbsp;&nbsp;&nbsp;&nbsp; alle&nbsp;&nbsp;&nbsp;&nbsp;&nbsp;&nbsp;&nbsp;&nbsp;&nbsp;&nbsp;&nbsp;&nbsp;&nbsp;&nbsp;&nbsp; 1,52 m\/ 2,02m\/ 2,52m&nbsp;&nbsp;&nbsp;&nbsp; 12.00 Uhr&nbsp;&nbsp;&nbsp;&nbsp;&nbsp;&nbsp;&nbsp;&nbsp;&nbsp;&nbsp;&nbsp;&nbsp;&nbsp;&nbsp;&nbsp;&nbsp; <\/p>\n\n\n\n<p>&nbsp;&nbsp;&nbsp;&nbsp;&nbsp;&nbsp;&nbsp;&nbsp;&nbsp;&nbsp;&nbsp; WK 2: Hauptspringen&nbsp;&nbsp;&nbsp;&nbsp;&nbsp;&nbsp;&nbsp;&nbsp;&nbsp;&nbsp;&nbsp;&nbsp;&nbsp;&nbsp;&nbsp;&nbsp;&nbsp;&nbsp;&nbsp;&nbsp;&nbsp;&nbsp;&nbsp;&nbsp;&nbsp;&nbsp; alle&nbsp;&nbsp;&nbsp;&nbsp;&nbsp;&nbsp;&nbsp;&nbsp;&nbsp;&nbsp;&nbsp;&nbsp;&nbsp;&nbsp;&nbsp; 3,02 m&nbsp;&nbsp;&nbsp;&nbsp;&nbsp;&nbsp;&nbsp;&nbsp;&nbsp;&nbsp;&nbsp;&nbsp;&nbsp;&nbsp;&nbsp;&nbsp;&nbsp;&nbsp;&nbsp;&nbsp;&nbsp;&nbsp;&nbsp;&nbsp;&nbsp;&nbsp;&nbsp;&nbsp; 14:30 Uhr<\/p>\n\n\n\n<p>(H\u00f6hensteigerung jeweils 10 cm)<\/p>\n\n\n\n<p>Je nach Meldeleistungen k\u00f6nnen\nsich die Anfangsh\u00f6hen noch ver\u00e4ndern<\/p>\n\n\n\n<h2 class=\"wp-block-heading\">&nbsp;<\/h2>\n\n\n\n<h2 class=\"wp-block-heading\">Meldungen \u00fcber LA.net<\/h2>\n\n\n\n<p><strong>&nbsp;&nbsp;&nbsp;&nbsp; &nbsp;Ansprechpartnerin: 061205214 (Erika Platner)-erikaplatner-at-gmx.de<\/strong><\/p>\n\n\n\n<p><strong>Meldeschluss: &nbsp;&nbsp; 8.09.2019\n<\/strong>(aus planungstechnischer Sicht gerne auch fr\u00fcher); Meldungen f\u00fcr\nStabhochsprung bitte nur mit Angabe der Anfangsh\u00f6he.<\/p>\n\n\n\n<h2 class=\"wp-block-heading\">Meldegeb\u00fchr: &nbsp;&nbsp;&nbsp;&nbsp; 3\n\u20ac Sch\u00fcler, 4 \u20ac Jugendliche; 5 \u20ac Erwachsene<\/h2>\n\n\n\n<p><strong>Nach- und Ummeldungen:<\/strong> &nbsp;&nbsp;&nbsp;&nbsp;&nbsp;&nbsp;&nbsp; Sind\nam Veranstaltungstag je nach\nTeilnehmerzahl <\/p>\n\n\n\n<p>&nbsp;m\u00f6glich! Zus\u00e4tzliche Kosten 2 \u20ac pro Disziplin&nbsp;&nbsp;&nbsp;&nbsp;&nbsp;&nbsp;&nbsp;&nbsp;&nbsp;&nbsp;&nbsp;&nbsp;&nbsp;&nbsp;&nbsp;&nbsp;&nbsp;&nbsp;&nbsp;&nbsp;&nbsp;&nbsp;&nbsp;&nbsp;&nbsp;&nbsp;&nbsp;&nbsp;&nbsp;&nbsp;&nbsp;&nbsp;&nbsp;&nbsp;&nbsp;&nbsp;&nbsp;&nbsp;&nbsp;&nbsp;&nbsp;&nbsp;&nbsp;&nbsp;&nbsp;&nbsp;&nbsp;&nbsp;&nbsp;&nbsp;&nbsp;&nbsp;&nbsp;\n\n \n \n  \n  \n  \n  \n  \n  \n  \n  \n  \n  \n  \n  \n \n \n \n\n \n \n<\/p>\n\n\n\n<p><strong>Haftung:<\/strong> &nbsp; Wird\nvom Veranstalter nicht \u00fcbernommen.<\/p>\n\n\n\n<!--more-->\n\n\n\n<h2 class=\"wp-block-heading\">Zeitplan:<\/h2>\n\n\n\n<table class=\"wp-block-table\"><tbody><tr><td>Zeit<\/td><td>M\u00e4nner\/S.<\/td><td>Frauen\/S.<\/td><td>M U20\/16<\/td><td>W U20\/16<\/td><td>M U16\/14<\/td><td>W U16\/14<\/td><\/tr><tr><td>12:00<\/td><td>Stab 1<\/td><td>Stab 1<\/td><td>Stab 1<\/td><td>Stab 1<\/td><td>Stab 1<\/td><td>Stab 1<\/td><\/tr><tr><td>12:15<\/td><td><\/td><td><\/td><td><span>&nbsp;<\/span><\/td><td><\/td><td><\/td><td><\/td><\/tr><tr><td>12:30<\/td><td>Hoch<\/td><td><\/td><td>Hoch<\/td><td><span>&nbsp;<\/span><\/td><td>Weit<\/td><td>Weit<\/td><\/tr><tr><td>12:45<\/td><td><\/td><td><\/td><td><\/td><td><\/td><td><span>&nbsp;<\/span><\/td><td><\/td><\/tr><tr><td>13:00<\/td><td><\/td><td><\/td><td><\/td><td><\/td><td><\/td><td><\/td><\/tr><tr><td>13:15<\/td><td><\/td><td><\/td><td><\/td><td><\/td><td><\/td><td><span>&nbsp;<\/span><\/td><\/tr><tr><td>13:30<\/td><td>Diskus<\/td><td>Kugel<\/td><td>Diskus<\/td><td>Kugel<\/td><td>Diskus<\/td><td>Kugel<\/td><\/tr><tr><td>13:45<\/td><td><\/td><td><\/td><td><\/td><td><\/td><td><\/td><td><\/td><\/tr><tr><td>14:00<\/td><td><\/td><td>Hoch<\/td><td><\/td><td>Hoch<\/td><td>Hoch<\/td><td>Hoch<\/td><\/tr><tr><td>14:15<\/td><td><\/td><td><\/td><td><\/td><td><\/td><td><\/td><td><\/td><\/tr><tr><td>14:30<\/td><td><\/td><td><\/td><td><\/td><td><\/td><td><\/td><td><span>&nbsp;<\/span><\/td><\/tr><tr><td>14:45<\/td><td>Kugel<\/td><td>Diskus<\/td><td>Kugel<\/td><td>Diskus<\/td><td>Kugel<\/td><td>Diskus<\/td><\/tr><tr><td>15:00<\/td><td>Stab 2<\/td><td>Stab 2<\/td><td>Stab 2<\/td><td>Stab 2<\/td><td>Stab 2<\/td><td>Stab 2<\/td><\/tr><tr><td>15:15<\/td><td><\/td><td><span>&nbsp;<\/span><\/td><td><\/td><td><\/td><td><\/td><td><\/td><\/tr><tr><td>15:30<\/td><td>Weit<\/td><td>Weit<\/td><td>Weit<\/td><td>Weit<\/td><td><\/td><td><\/td><\/tr><\/tbody><\/table>\n","protected":false},"excerpt":{"rendered":"<p>Ausrichter: &nbsp;&nbsp;&nbsp;&nbsp;&nbsp;&nbsp;&nbsp;&nbsp;&nbsp; TV Michelbach &nbsp;&nbsp;&nbsp;&nbsp;&nbsp; Ort: &nbsp;&nbsp;&nbsp;&nbsp;&nbsp;&nbsp;&nbsp;&nbsp;&nbsp;&nbsp;&nbsp;&nbsp;&nbsp;&nbsp;&nbsp;&nbsp;&nbsp;&nbsp;&nbsp;&nbsp;&nbsp; Kirchstra\u00dfe, 65326 Aarbergen Michelbach Bestimmungen: Die Wettbewerbe werden nach den Bestimmungen der IWR und der DLO ausgetragen. Teilnahme nur mit g\u00fcltigem Startpass! Wettbewerbe: &nbsp;&nbsp;&nbsp;&nbsp; Stabhochsprung, Weitsprung, Hochsprung, Kugelsto\u00dfen, Diskuswerfen &nbsp;f\u00fcr M\u00e4nner und Frauen (Seniorenwertung), MJ U20, U18, U16, U14; WJ U20, U18, U16, U14&nbsp;&nbsp; &nbsp;&nbsp;&nbsp; &nbsp;Samstag, den 14.09.2019 &#8230; <a title=\"3. Michelbacher Herbstsportfest\" class=\"read-more\" href=\"https:\/\/tvm1903.de\/tvm\/2019\/08\/18\/3-michelbacher-herbstsportfest\/\" aria-label=\"Mehr Informationen \u00fcber 3. Michelbacher Herbstsportfest\">Weiterlesen<\/a><\/p>\n","protected":false},"author":1,"featured_media":0,"comment_status":"closed","ping_status":"closed","sticky":false,"template":"","format":"image","meta":{"footnotes":""},"categories":[2],"tags":[],"class_list":["post-504","post","type-post","status-publish","format-image","hentry","category-sport","post_format-post-format-image"],"_links":{"self":[{"href":"https:\/\/tvm1903.de\/tvm\/wp-json\/wp\/v2\/posts\/504","targetHints":{"allow":["GET"]}}],"collection":[{"href":"https:\/\/tvm1903.de\/tvm\/wp-json\/wp\/v2\/posts"}],"about":[{"href":"https:\/\/tvm1903.de\/tvm\/wp-json\/wp\/v2\/types\/post"}],"author":[{"embeddable":true,"href":"https:\/\/tvm1903.de\/tvm\/wp-json\/wp\/v2\/users\/1"}],"replies":[{"embeddable":true,"href":"https:\/\/tvm1903.de\/tvm\/wp-json\/wp\/v2\/comments?post=504"}],"version-history":[{"count":4,"href":"https:\/\/tvm1903.de\/tvm\/wp-json\/wp\/v2\/posts\/504\/revisions"}],"predecessor-version":[{"id":515,"href":"https:\/\/tvm1903.de\/tvm\/wp-json\/wp\/v2\/posts\/504\/revisions\/515"}],"wp:attachment":[{"href":"https:\/\/tvm1903.de\/tvm\/wp-json\/wp\/v2\/media?parent=504"}],"wp:term":[{"taxonomy":"category","embeddable":true,"href":"https:\/\/tvm1903.de\/tvm\/wp-json\/wp\/v2\/categories?post=504"},{"taxonomy":"post_tag","embeddable":true,"href":"https:\/\/tvm1903.de\/tvm\/wp-json\/wp\/v2\/tags?post=504"}],"curies":[{"name":"wp","href":"https:\/\/api.w.org\/{rel}","templated":true}]}}