{"id":471,"date":"2018-11-13T16:57:54","date_gmt":"2018-11-13T15:57:54","guid":{"rendered":"https:\/\/tvm1903.de\/?p=471"},"modified":"2019-08-02T16:59:20","modified_gmt":"2019-08-02T14:59:20","slug":"tv-michelbach-wieder-erfolgreich-bei-der-kinderleichtathletik-2","status":"publish","type":"post","link":"https:\/\/tvm1903.de\/tvm\/2018\/11\/13\/tv-michelbach-wieder-erfolgreich-bei-der-kinderleichtathletik-2\/","title":{"rendered":"TV Michelbach wieder erfolgreich bei der Kinderleichtathletik"},"content":{"rendered":"\n<p> Die LA-Kinder des TV Michelbach beteiligten sich sehr erfolgreich bei zahlreicher Konkurrenz an einem KI-LA Teamwettkampf in der Taubenberghalle in Idstein. Die Mannschaft U8  belegte einen 5.Platz mit Yana Fellner,Jury Reu\u00df, Julietta Walter, Paul Reiber, Zerda Camci, Mino Lo Presti und Romy Daum. Sie sammelten in den Disziplinen 30m Hindernis-Staffel, Einbein-H\u00fcpfer-Staffel, Medizinballsto\u00dfen und Hoch-Weitsprung flei\u00dfig Punkte. <br><\/p>\n\n\n\n<p>Das beste Ergebnis erzielten die Teams der U10. Die 1. Mannschaft belegte den ausgezeichneten 2. Platz und die 2. Mannschaft wurde 5., wobei sie nur um einen Punkt den 3. Platz verpassten. Miikka Crecelius, Leon Ohlenschl\u00e4ger, Mailin Petri, Botan Secilmis,Luisa Schneider, Yaren Acikg\u00f6z, Lukas Helisch, Tristan Daum, Yannick Mai, Amelija Llanaj, Marla Jung, Utku Acikg\u00f6z, und G\u00fcven Camci absolvierten die Disziplinen 30 m Hindernis-Staffel, 40 m Sprint, Weitsprungstaffel und Medizinballsto\u00dfen hierbei erfolgreich. Auch in der AKU12, die bei dieser Veranstaltung erstmals im Programm war, erzielten die Teilnehmer sehr gute Ergebnisse. Die Mannschaft mit Finley Caplewski, Aaliyah Llanaj, Ida Guttzeit und Tobias Helisch belegte den 5. Platz. In dieser Altersklasse waren die Aufgaben 40 m Hindernis-Sprintstaffel, 50m Sprint, Hochsprung und Medizinballsto\u00dfen. Alle Kinder konnten sich \u00fcber ihre guten Leistungen, Urkunden und Medaillen freuen und hatten viel Spa\u00df.<\/p>\n","protected":false},"excerpt":{"rendered":"<p>Die LA-Kinder des TV Michelbach beteiligten sich sehr erfolgreich bei zahlreicher Konkurrenz an einem KI-LA Teamwettkampf in der Taubenberghalle in Idstein. Die Mannschaft U8 belegte einen 5.Platz mit Yana Fellner,Jury Reu\u00df, Julietta Walter, Paul Reiber, Zerda Camci, Mino Lo Presti und Romy Daum. Sie sammelten in den Disziplinen 30m Hindernis-Staffel, Einbein-H\u00fcpfer-Staffel, Medizinballsto\u00dfen und Hoch-Weitsprung flei\u00dfig &#8230; <a title=\"TV Michelbach wieder erfolgreich bei der Kinderleichtathletik\" class=\"read-more\" href=\"https:\/\/tvm1903.de\/tvm\/2018\/11\/13\/tv-michelbach-wieder-erfolgreich-bei-der-kinderleichtathletik-2\/\" aria-label=\"Mehr Informationen \u00fcber TV Michelbach wieder erfolgreich bei der Kinderleichtathletik\">Weiterlesen<\/a><\/p>\n","protected":false},"author":1,"featured_media":0,"comment_status":"closed","ping_status":"closed","sticky":false,"template":"","format":"standard","meta":{"footnotes":""},"categories":[5,2],"tags":[],"class_list":["post-471","post","type-post","status-publish","format-standard","hentry","category-leichtathletik","category-sport"],"_links":{"self":[{"href":"https:\/\/tvm1903.de\/tvm\/wp-json\/wp\/v2\/posts\/471","targetHints":{"allow":["GET"]}}],"collection":[{"href":"https:\/\/tvm1903.de\/tvm\/wp-json\/wp\/v2\/posts"}],"about":[{"href":"https:\/\/tvm1903.de\/tvm\/wp-json\/wp\/v2\/types\/post"}],"author":[{"embeddable":true,"href":"https:\/\/tvm1903.de\/tvm\/wp-json\/wp\/v2\/users\/1"}],"replies":[{"embeddable":true,"href":"https:\/\/tvm1903.de\/tvm\/wp-json\/wp\/v2\/comments?post=471"}],"version-history":[{"count":1,"href":"https:\/\/tvm1903.de\/tvm\/wp-json\/wp\/v2\/posts\/471\/revisions"}],"predecessor-version":[{"id":472,"href":"https:\/\/tvm1903.de\/tvm\/wp-json\/wp\/v2\/posts\/471\/revisions\/472"}],"wp:attachment":[{"href":"https:\/\/tvm1903.de\/tvm\/wp-json\/wp\/v2\/media?parent=471"}],"wp:term":[{"taxonomy":"category","embeddable":true,"href":"https:\/\/tvm1903.de\/tvm\/wp-json\/wp\/v2\/categories?post=471"},{"taxonomy":"post_tag","embeddable":true,"href":"https:\/\/tvm1903.de\/tvm\/wp-json\/wp\/v2\/tags?post=471"}],"curies":[{"name":"wp","href":"https:\/\/api.w.org\/{rel}","templated":true}]}}