{"id":422,"date":"2017-09-12T11:48:44","date_gmt":"2017-09-12T09:48:44","guid":{"rendered":"https:\/\/tvm1903.de\/?p=422"},"modified":"2019-07-26T11:51:23","modified_gmt":"2019-07-26T09:51:23","slug":"tvm-leichtathleten-bei-den-oranienkampfspielen-in-diez","status":"publish","type":"post","link":"https:\/\/tvm1903.de\/tvm\/2017\/09\/12\/tvm-leichtathleten-bei-den-oranienkampfspielen-in-diez\/","title":{"rendered":"TVM Leichtathleten bei den Oranienkampfspielen in Diez"},"content":{"rendered":"\n<p>Eine kleine Delegation der Leichtathleten des TV Michelbach hatte an den traditionellen Oranienkampfspielen in Diez erfolgreich teilgenommen. Bei bestem Wetter sprangen f\u00dcr die meisten der Teilnehmer\/innen neue pers\u00f6nliche Bestleistungen oder Jahresbest-leistungen heraus. Michael Schestag siegte im Diskuswerfen M45 mit 30,35 m. Weitere erste Pl\u00e4tze gingen in der AK U20 an Jana Arenz im Diskuswerfen mit ausgezeichneten 36,00m und an Angelique Schintz bei 100 m in 14,06sec und 200 m in 29,82sec. In der gleichen AK wurde bei den m\u00e4nnlichen Teilnehmern Max Gohlke \u00dcber 100 m 3. in 12,38sec und 3. 200 m in 24,99sec. Jonas Egert verbesserte sich bei U18 \u00dcber 100 m auf 12,07sec und 200 m auf 24,66sec und belegte in einem starken Teilnehmerfeld Rang 4 und 5. Alle Ergebnisse in den L\u00e4ufen waren neue pers\u00f6nliche Bestzeiten.<\/p>\n\n\n\n<p><\/p>\n","protected":false},"excerpt":{"rendered":"<p>Eine kleine Delegation der Leichtathleten des TV Michelbach hatte an den traditionellen Oranienkampfspielen in Diez erfolgreich teilgenommen. Bei bestem Wetter sprangen f\u00dcr die meisten der Teilnehmer\/innen neue pers\u00f6nliche Bestleistungen oder Jahresbest-leistungen heraus. Michael Schestag siegte im Diskuswerfen M45 mit 30,35 m. Weitere erste Pl\u00e4tze gingen in der AK U20 an Jana Arenz im Diskuswerfen mit &#8230; <a title=\"TVM Leichtathleten bei den Oranienkampfspielen in Diez\" class=\"read-more\" href=\"https:\/\/tvm1903.de\/tvm\/2017\/09\/12\/tvm-leichtathleten-bei-den-oranienkampfspielen-in-diez\/\" aria-label=\"Mehr Informationen \u00fcber TVM Leichtathleten bei den Oranienkampfspielen in Diez\">Weiterlesen<\/a><\/p>\n","protected":false},"author":1,"featured_media":0,"comment_status":"closed","ping_status":"closed","sticky":false,"template":"","format":"standard","meta":{"footnotes":""},"categories":[5,2],"tags":[],"class_list":["post-422","post","type-post","status-publish","format-standard","hentry","category-leichtathletik","category-sport"],"_links":{"self":[{"href":"https:\/\/tvm1903.de\/tvm\/wp-json\/wp\/v2\/posts\/422","targetHints":{"allow":["GET"]}}],"collection":[{"href":"https:\/\/tvm1903.de\/tvm\/wp-json\/wp\/v2\/posts"}],"about":[{"href":"https:\/\/tvm1903.de\/tvm\/wp-json\/wp\/v2\/types\/post"}],"author":[{"embeddable":true,"href":"https:\/\/tvm1903.de\/tvm\/wp-json\/wp\/v2\/users\/1"}],"replies":[{"embeddable":true,"href":"https:\/\/tvm1903.de\/tvm\/wp-json\/wp\/v2\/comments?post=422"}],"version-history":[{"count":1,"href":"https:\/\/tvm1903.de\/tvm\/wp-json\/wp\/v2\/posts\/422\/revisions"}],"predecessor-version":[{"id":423,"href":"https:\/\/tvm1903.de\/tvm\/wp-json\/wp\/v2\/posts\/422\/revisions\/423"}],"wp:attachment":[{"href":"https:\/\/tvm1903.de\/tvm\/wp-json\/wp\/v2\/media?parent=422"}],"wp:term":[{"taxonomy":"category","embeddable":true,"href":"https:\/\/tvm1903.de\/tvm\/wp-json\/wp\/v2\/categories?post=422"},{"taxonomy":"post_tag","embeddable":true,"href":"https:\/\/tvm1903.de\/tvm\/wp-json\/wp\/v2\/tags?post=422"}],"curies":[{"name":"wp","href":"https:\/\/api.w.org\/{rel}","templated":true}]}}