{"id":417,"date":"2017-07-19T11:38:13","date_gmt":"2017-07-19T09:38:13","guid":{"rendered":"https:\/\/tvm1903.de\/?p=417"},"modified":"2019-07-26T11:44:06","modified_gmt":"2019-07-26T09:44:06","slug":"nachruf","status":"publish","type":"post","link":"https:\/\/tvm1903.de\/tvm\/2017\/07\/19\/nachruf\/","title":{"rendered":"Nachruf"},"content":{"rendered":"\nDer Turnverein Michelbach trauert um unser Vorstandsmitglied Hans-Peter Platner der im Alter von 73 Jahren von uns gegangen ist.<br> <br> <strong>Hans-Peter <\/strong>geh\u00f6rte mehr als 38 Jahre unserem TV Michelbach an. Er war von Anfang an in unserer Leichtathletikabteilung pr\u00e4sent. Mehr als 9 Jahre hatte er den 2. Vorsitz im TVM.<br> Zuletzt war er noch als Pressewart aktiv im Vorstand. Die Einf\u00fchrung der Wettkampf-Programme, war sein Verdienst. Vor 1979 war er 1. Vorsitzender Leichtathletik im Kreis Wiesbaden.<br> <br> <strong>Hans-Peter <\/strong>war f\u00fcr uns immer ansprechbar, wenn es darum ging, den Verein, durch unterschiedliche Hilfen, zu unterst\u00fctzen. Seit Jahren managte er die Kasse und die Presse der Leichtathletik Abteilung, was nicht immer einfach war.Er erstellte die Statistiken f\u00fcr die Leichtathletik Ergebnisse undder Platzierungen bei Meisterschaften.<br> <br>Als TVM-Fotograf hielt er vieles in seiner Kamera fest.Ob bei Wettk\u00e4mpfen, Veranstaltungen oder Helfereins\u00e4tze,Peter hatte immer alles im Kasten. Besonders in den Trainingslagern hat er fantastische Fotos geschossen.<br><br>Konstruktiv, Kritisch und Emotional waren die Gespr\u00e4che mit ihm,das war nicht jedermanns Sache, aber viele liebte es mit ihm zudiskutieren.Seine offene und direkte Art wird uns fehlen.<br><br>Der Turnverein Michelbach wirdHans-Peter Platnerein ehrendes Andenken bewahrenderTurnverein Michelbach trauert um unser Vorstandsmitglied Hans-Peter Platnerder im Alter von 73 Jahren von uns gegangen ist.<br><br><strong>Hans-Peter <\/strong>geh\u00f6rte mehr als 38 Jahre unseremTV Michelbach an. Er war von Anfang an in unserer Leichtathletikabteilung pr\u00e4sent. Mehr als 9 Jahre hatte er den 2. Vorsitz im TVM. Zuletzt war er noch als Pressewart aktiv im Vorstand. Die Einf\u00fchrung der Wettkampf-Programme, war sein Verdienst. Vor 1979 war er 1. Vorsitzender Leichtathletik im Kreis Wiesbaden.<br><br><strong>Hans-Peter <\/strong>war f\u00fcr uns immer ansprechbar, wennes darum ging, den Verein, durch unterschiedliche Hilfen, zu unterst\u00fctzen. Seit Jahren managte er die Kasse und die Presse der LeichtathletikAbteilung, was nicht immer einfach war. Er erstellte die Statistiken f\u00fcr die Leichtathletik Ergebnisse und der Platzierungen bei Meisterschaften.<br><br>Als TVM-Fotograf hielt er vieles in seiner Kamera fest. Ob bei Wettk\u00e4mpfen, Veranstaltungen oder Helfereins\u00e4tze, Peter hatte immer alles im Kasten. Besonders in den Trainingslagern hat er fantastische Fotos geschossen.<br><br>Konstruktiv, Kritisch und Emotional waren die Gespr\u00e4che mit ihm, das war nicht jedermanns Sache, aber viele liebte es mit ihm zudiskutieren. Seine offene und direkte Art wird uns fehlen.<br><br>Der Turnverein Michelbach wird Hans-Peter Platner ein ehrendes Andenken bewahren\n\n\n\n<p><\/p>\n","protected":false},"excerpt":{"rendered":"<p>Der Turnverein Michelbach trauert um unser Vorstandsmitglied Hans-Peter Platner der im Alter von 73 Jahren von uns gegangen ist. Hans-Peter geh\u00f6rte mehr als 38 Jahre unserem TV Michelbach an. Er war von Anfang an in unserer Leichtathletikabteilung pr\u00e4sent. Mehr als 9 Jahre hatte er den 2. Vorsitz im TVM. Zuletzt war er noch als Pressewart &#8230; <a title=\"Nachruf\" class=\"read-more\" href=\"https:\/\/tvm1903.de\/tvm\/2017\/07\/19\/nachruf\/\" aria-label=\"Mehr Informationen \u00fcber Nachruf\">Weiterlesen<\/a><\/p>\n","protected":false},"author":1,"featured_media":0,"comment_status":"closed","ping_status":"closed","sticky":false,"template":"","format":"standard","meta":{"footnotes":""},"categories":[1],"tags":[],"class_list":["post-417","post","type-post","status-publish","format-standard","hentry","category-allgemein"],"_links":{"self":[{"href":"https:\/\/tvm1903.de\/tvm\/wp-json\/wp\/v2\/posts\/417","targetHints":{"allow":["GET"]}}],"collection":[{"href":"https:\/\/tvm1903.de\/tvm\/wp-json\/wp\/v2\/posts"}],"about":[{"href":"https:\/\/tvm1903.de\/tvm\/wp-json\/wp\/v2\/types\/post"}],"author":[{"embeddable":true,"href":"https:\/\/tvm1903.de\/tvm\/wp-json\/wp\/v2\/users\/1"}],"replies":[{"embeddable":true,"href":"https:\/\/tvm1903.de\/tvm\/wp-json\/wp\/v2\/comments?post=417"}],"version-history":[{"count":2,"href":"https:\/\/tvm1903.de\/tvm\/wp-json\/wp\/v2\/posts\/417\/revisions"}],"predecessor-version":[{"id":419,"href":"https:\/\/tvm1903.de\/tvm\/wp-json\/wp\/v2\/posts\/417\/revisions\/419"}],"wp:attachment":[{"href":"https:\/\/tvm1903.de\/tvm\/wp-json\/wp\/v2\/media?parent=417"}],"wp:term":[{"taxonomy":"category","embeddable":true,"href":"https:\/\/tvm1903.de\/tvm\/wp-json\/wp\/v2\/categories?post=417"},{"taxonomy":"post_tag","embeddable":true,"href":"https:\/\/tvm1903.de\/tvm\/wp-json\/wp\/v2\/tags?post=417"}],"curies":[{"name":"wp","href":"https:\/\/api.w.org\/{rel}","templated":true}]}}