{"id":404,"date":"2017-07-03T14:09:16","date_gmt":"2017-07-03T12:09:16","guid":{"rendered":"https:\/\/tvm1903.de\/?p=404"},"modified":"2019-06-09T14:11:03","modified_gmt":"2019-06-09T12:11:03","slug":"80-geburtstag-von-adolf-atzbacher","status":"publish","type":"post","link":"https:\/\/tvm1903.de\/tvm\/2017\/07\/03\/80-geburtstag-von-adolf-atzbacher\/","title":{"rendered":"80. Geburtstag von Adolf Atzbacher"},"content":{"rendered":"\n<table class=\"wp-block-table\"><tbody><tr><td>   <br>     Am 11. 6. 2017 konnte unser langj\u00e4hriger Abteilungsleiter der   Leichtathletik im TV Michelbach, Adolf Atzbacher, auch bekannt als   <em>Atzi<\/em>, seinen 80. Geburtstag feiern.<br>     <br>     Atzi belebte in den 70er Jahren die Leichtathletikabteilung im TV   Michelbach. Neben seinen eigenen S\u00f6hnen trainierte er zahllose Athletinnen   und Athleten und f\u00dchrte sie zu Erfolgen bis hin zu vielen hessischen   Meistertiteln und vorderen Platzierungen bei deutschen Meisterschaften.   Besonders als Trainer f\u00dcr Stabhochsprung\u00a0 hatte er einen guten Ruf in Stadt   und Land und sorgte f\u00dcr einen gro\u00dfen Bekanntheitsgrad des TV Michelbach.   Neben seiner langj\u00e4hrigen \u00c3\u0153bungsleitert\u00e4tigkeit und Vorstandsarbeit im TV   Michelbach war er auch in weiteren Gremien wie Kreis- und Bezirksvorstand der   Leichtathleten erfolgreich t\u00e4tig. Sowohl beim Erbauen des Sportplatzes in   Michelbach als auch bei den Umbauma\u00dfnahmen der Anlage 2016 war <em>Atzi   <\/em>ma\u00dfgeblich an den Planungen beteiligt. Er investierte viele Arbeitsstunden   und Ideen um dieses Projekt zu verwirklichen. Nach wie vor h\u00e4lt er   sich mit Sport und Schwimmen fit und ist bei den Jugendlichen immer noch im   Training herzlich willkommen.<br>     <br>     Der TV Michelbach gratulierte\u00a0 <em>Atzi <\/em>mit einer Delegation von   Vorstandsmitgliedern, dankte ihm f\u00fcr sein langj\u00e4hriges Engagement und   w\u00dcnschten ihm und seiner Frau Rosel noch viele weitere Jahre bei bester   Gesundheit.<\/td><\/tr><\/tbody><\/table>\n","protected":false},"excerpt":{"rendered":"<p>Am 11. 6. 2017 konnte unser langj\u00e4hriger Abteilungsleiter der Leichtathletik im TV Michelbach, Adolf Atzbacher, auch bekannt als Atzi, seinen 80. Geburtstag feiern. Atzi belebte in den 70er Jahren die Leichtathletikabteilung im TV Michelbach. Neben seinen eigenen S\u00f6hnen trainierte er zahllose Athletinnen und Athleten und f\u00dchrte sie zu Erfolgen bis hin zu vielen hessischen Meistertiteln &#8230; <a title=\"80. Geburtstag von Adolf Atzbacher\" class=\"read-more\" href=\"https:\/\/tvm1903.de\/tvm\/2017\/07\/03\/80-geburtstag-von-adolf-atzbacher\/\" aria-label=\"Mehr Informationen \u00fcber 80. Geburtstag von Adolf Atzbacher\">Weiterlesen<\/a><\/p>\n","protected":false},"author":1,"featured_media":0,"comment_status":"closed","ping_status":"closed","sticky":false,"template":"","format":"standard","meta":{"footnotes":""},"categories":[2],"tags":[],"class_list":["post-404","post","type-post","status-publish","format-standard","hentry","category-sport"],"_links":{"self":[{"href":"https:\/\/tvm1903.de\/tvm\/wp-json\/wp\/v2\/posts\/404","targetHints":{"allow":["GET"]}}],"collection":[{"href":"https:\/\/tvm1903.de\/tvm\/wp-json\/wp\/v2\/posts"}],"about":[{"href":"https:\/\/tvm1903.de\/tvm\/wp-json\/wp\/v2\/types\/post"}],"author":[{"embeddable":true,"href":"https:\/\/tvm1903.de\/tvm\/wp-json\/wp\/v2\/users\/1"}],"replies":[{"embeddable":true,"href":"https:\/\/tvm1903.de\/tvm\/wp-json\/wp\/v2\/comments?post=404"}],"version-history":[{"count":1,"href":"https:\/\/tvm1903.de\/tvm\/wp-json\/wp\/v2\/posts\/404\/revisions"}],"predecessor-version":[{"id":405,"href":"https:\/\/tvm1903.de\/tvm\/wp-json\/wp\/v2\/posts\/404\/revisions\/405"}],"wp:attachment":[{"href":"https:\/\/tvm1903.de\/tvm\/wp-json\/wp\/v2\/media?parent=404"}],"wp:term":[{"taxonomy":"category","embeddable":true,"href":"https:\/\/tvm1903.de\/tvm\/wp-json\/wp\/v2\/categories?post=404"},{"taxonomy":"post_tag","embeddable":true,"href":"https:\/\/tvm1903.de\/tvm\/wp-json\/wp\/v2\/tags?post=404"}],"curies":[{"name":"wp","href":"https:\/\/api.w.org\/{rel}","templated":true}]}}