{"id":1052,"date":"2025-02-09T16:19:22","date_gmt":"2025-02-09T15:19:22","guid":{"rendered":"https:\/\/tvm1903.de\/tvm\/?p=1052"},"modified":"2025-02-09T16:19:23","modified_gmt":"2025-02-09T15:19:23","slug":"einladung-zur-jahreshauptversammlung-2025","status":"publish","type":"post","link":"https:\/\/tvm1903.de\/tvm\/2025\/02\/09\/einladung-zur-jahreshauptversammlung-2025\/","title":{"rendered":"Einladung zur Jahreshauptversammlung 2025"},"content":{"rendered":"\n<div class=\"wp-block-media-text is-stacked-on-mobile\" style=\"grid-template-columns:26% auto\"><figure class=\"wp-block-media-text__media\"><img loading=\"lazy\" decoding=\"async\" width=\"512\" height=\"512\" src=\"https:\/\/tvm1903.de\/wp-content\/uploads\/2022\/08\/cropped-TVM_Logo_RGB.jpg\" alt=\"\" class=\"wp-image-718 size-full\" srcset=\"https:\/\/tvm1903.de\/wp-content\/uploads\/2022\/08\/cropped-TVM_Logo_RGB.jpg 512w, https:\/\/tvm1903.de\/wp-content\/uploads\/2022\/08\/cropped-TVM_Logo_RGB-300x300.jpg 300w, https:\/\/tvm1903.de\/wp-content\/uploads\/2022\/08\/cropped-TVM_Logo_RGB-150x150.jpg 150w, https:\/\/tvm1903.de\/wp-content\/uploads\/2022\/08\/cropped-TVM_Logo_RGB-270x270.jpg 270w, https:\/\/tvm1903.de\/wp-content\/uploads\/2022\/08\/cropped-TVM_Logo_RGB-192x192.jpg 192w, https:\/\/tvm1903.de\/wp-content\/uploads\/2022\/08\/cropped-TVM_Logo_RGB-180x180.jpg 180w, https:\/\/tvm1903.de\/wp-content\/uploads\/2022\/08\/cropped-TVM_Logo_RGB-32x32.jpg 32w\" sizes=\"auto, (max-width: 512px) 100vw, 512px\" \/><\/figure><div class=\"wp-block-media-text__content\">\n<p>Der TV Michelbach 1903 e.V. l\u00e4dt alle Mitglieder herzlich zur Jahreshauptversammlung am Freitag, 21. M\u00e4rz 2025 um 19:00 Uhr ins Dorfgemeinschaftshaus von Aarbergen-Michelbach (Kirchstra\u00dfe 4) ein. Bitte beachten Sie, dass Antr\u00e4ge zur Jahreshauptversammlung bis zum 14. M\u00e4rz 2025 beim 1. Vorsitzenden Alexander Wolf, Steinweg 17, 65326 Aarbergen vorliegen m\u00fcssen. Der Vorstand freut sich auf Ihren Besuch.<\/p>\n<\/div><\/div>\n\n\n\n<p><strong>Tagesordnung:<\/strong><\/p>\n\n\n\n<ol class=\"wp-block-list\">\n<li>Begr\u00fc\u00dfung und Er\u00f6ffnung<\/li>\n\n\n\n<li>Feststellung der ordnungsgem\u00e4\u00dfen Einberufung und Beschlussf\u00e4higkeit<\/li>\n\n\n\n<li>Gedenken an die verstorbenen Mitglieder<\/li>\n\n\n\n<li>Jahresbericht des Vorstandes<\/li>\n\n\n\n<li>Kassenbericht<\/li>\n\n\n\n<li>Bericht der Kassenpr\u00fcfer<\/li>\n\n\n\n<li>Entlastung des Vorstandes<\/li>\n\n\n\n<li>Bericht der Abteilungsleiter<\/li>\n\n\n\n<li>Best\u00e4tigung der Neuwahl einzelner Vorstandposten\n<ul class=\"wp-block-list\">\n<li>Sportwart\/in<\/li>\n\n\n\n<li>Abteilungsleitung Leichtathletik<\/li>\n<\/ul>\n<\/li>\n\n\n\n<li>Nachwahl Kassenpr\u00fcfer<\/li>\n\n\n\n<li>Antr\u00e4ge und Verschiedenes<\/li>\n\n\n\n<li>Ehrungen<\/li>\n<\/ol>\n\n\n\n<p><\/p>\n","protected":false},"excerpt":{"rendered":"<p>Der TV Michelbach 1903 e.V. l\u00e4dt alle Mitglieder herzlich zur Jahreshauptversammlung am Freitag, 21. M\u00e4rz 2025 um 19:00 Uhr ins Dorfgemeinschaftshaus von Aarbergen-Michelbach (Kirchstra\u00dfe 4) ein. Bitte beachten Sie, dass Antr\u00e4ge zur Jahreshauptversammlung bis zum 14. M\u00e4rz 2025 beim 1. Vorsitzenden Alexander Wolf, Steinweg 17, 65326 Aarbergen vorliegen m\u00fcssen. Der Vorstand freut sich auf Ihren &#8230; <a title=\"Einladung zur Jahreshauptversammlung 2025\" class=\"read-more\" href=\"https:\/\/tvm1903.de\/tvm\/2025\/02\/09\/einladung-zur-jahreshauptversammlung-2025\/\" aria-label=\"Mehr Informationen \u00fcber Einladung zur Jahreshauptversammlung 2025\">Weiterlesen<\/a><\/p>\n","protected":false},"author":1,"featured_media":0,"comment_status":"closed","ping_status":"closed","sticky":false,"template":"","format":"image","meta":{"footnotes":""},"categories":[1],"tags":[70],"class_list":["post-1052","post","type-post","status-publish","format-image","hentry","category-allgemein","tag-februar-2025","post_format-post-format-image"],"_links":{"self":[{"href":"https:\/\/tvm1903.de\/tvm\/wp-json\/wp\/v2\/posts\/1052","targetHints":{"allow":["GET"]}}],"collection":[{"href":"https:\/\/tvm1903.de\/tvm\/wp-json\/wp\/v2\/posts"}],"about":[{"href":"https:\/\/tvm1903.de\/tvm\/wp-json\/wp\/v2\/types\/post"}],"author":[{"embeddable":true,"href":"https:\/\/tvm1903.de\/tvm\/wp-json\/wp\/v2\/users\/1"}],"replies":[{"embeddable":true,"href":"https:\/\/tvm1903.de\/tvm\/wp-json\/wp\/v2\/comments?post=1052"}],"version-history":[{"count":1,"href":"https:\/\/tvm1903.de\/tvm\/wp-json\/wp\/v2\/posts\/1052\/revisions"}],"predecessor-version":[{"id":1053,"href":"https:\/\/tvm1903.de\/tvm\/wp-json\/wp\/v2\/posts\/1052\/revisions\/1053"}],"wp:attachment":[{"href":"https:\/\/tvm1903.de\/tvm\/wp-json\/wp\/v2\/media?parent=1052"}],"wp:term":[{"taxonomy":"category","embeddable":true,"href":"https:\/\/tvm1903.de\/tvm\/wp-json\/wp\/v2\/categories?post=1052"},{"taxonomy":"post_tag","embeddable":true,"href":"https:\/\/tvm1903.de\/tvm\/wp-json\/wp\/v2\/tags?post=1052"}],"curies":[{"name":"wp","href":"https:\/\/api.w.org\/{rel}","templated":true}]}}